{"id":3027,"date":"2017-05-22T01:00:00","date_gmt":"2017-05-21T23:00:00","guid":{"rendered":"http:\/\/borncity.com\/senioren\/?p=3027"},"modified":"2017-05-19T17:14:56","modified_gmt":"2017-05-19T15:14:56","slug":"brauchen-wir-sicherheitshinweise-auf-avocados","status":"publish","type":"post","link":"https:\/\/borncity.eu\/senioren\/2017\/05\/22\/brauchen-wir-sicherheitshinweise-auf-avocados\/","title":{"rendered":"Brauchen wir Sicherheitshinweise auf Avocados?"},"content":{"rendered":"<p>Oha, das Leben ist gef\u00e4hrlich und Essen ist auch nicht immer ungef\u00e4hrlich. Dass man aber vor friedlichen Avocados aus diversen Gr\u00fcnden warnen m\u00fcsste, h\u00e4tte ich nicht gedacht. Einfach ein paar Informationen zum Modetrend 'Avocado' zusammen gepuzzelt.<\/p>\n<p><!--more--><\/p>\n<p>Gut, Avocados sind hip \u2013 der neue Modetrend. Avocados, dass wissen die Insider, sind auch eine Umwelts\u00fcnde ersten Ranges. Greenpeace Mexiko schlug 2016 Alarm, weil die dortigen Bauern Pinienw\u00e4lder f\u00fcr den Avocado-Anbau roden. Das ist beispielsweise in <a href=\"http:\/\/eatsmarter.de\/blogs\/veggie-blog\/avocados-leibspeise-mit-mieser-umweltbilanz\" target=\"_blank\" rel=\"dofollow noopener noreferrer\">diesem Blog<\/a> thematisiert. Zudem brauchen Avocado-B\u00e4ume t\u00e4glich 50 Liter Wasser \u2013 in trockenen Regionen eine riesige Umwelts\u00fcnde. Wird im zitierten Blog auch angesprochen \u2013 und Zeit Online hat <a href=\"http:\/\/www.zeit.de\/2016\/43\/avocado-superfood-anbau-oekologie-trend\" target=\"_blank\" rel=\"dofollow noopener noreferrer\">hier einen Artikel<\/a> zu ver\u00f6ffentlicht, der mit dem M\u00e4rchen von der 'guten Avocado' aufr\u00e4umt. Trotzdem wird sich mancher eine Avocado munden lassen \u2013 und bei Fr\u00fcchten aus \u00f6kologisch kontrolliertem Anbau wohl auch akzeptabel. Aber das ist nicht das Thema dieses Blog-Beitrags.<\/p>\n<h3>Britische \u00c4rzte fordern einen Sicherheitshinweis<\/h3>\n<p>Die \u00c4rzte in Gro\u00dfbritannien haben es aktuell nicht leicht \u2013 ein staatliches Gesundheitswesen, der nahende Brexit und zum Wochenende der Befall vieler Klinik-Computer durch den Erpressungstrojaner WannaCry, der die Rechner unbrauchbar machte.<\/p>\n<p>Aber die Mediziner k\u00e4mpfen noch mit einem anderen \u00dcbel: Patient(innen), die sich beim Aufschneiden einer Avocado so heftige an der Hand verletzt haben, dass ein Arztbesuch erforderlich wird. Die britische Zeitschrift <a href=\"https:\/\/www.thetimes.co.uk\/article\/holy-guacamole-that-s-got-to-hurt-zjzvx3j7d\" target=\"_blank\" rel=\"noopener noreferrer\">The Times<\/a> hat vor ein paar Tagen einen Artikel zum Thema ver\u00f6ffentlicht (leider nur in Englisch und in G\u00e4nze nur mit Registrierung lesbar). Aber Spiegel Online hat es aufgegriffen, so dass die Kernpunkte in deutscher Sprache <a href=\"http:\/\/www.spiegel.de\/gesundheit\/ernaehrung\/avocado-arzt-warnt-vor-gefaehrlichem-obst-a-1147192.html\" target=\"_blank\" rel=\"noopener noreferrer\">hier nachlesbar sind<\/a>.<\/p>\n<p>Es wird ein Facharzt f\u00fcr plastische Chirurgie zitiert, dass er pro Woche vier Patienten behandele, die sich beim Aufschneiden einer Avocado verletzten. Die Mitarbeiter der Klinik, die dort zitiert wird, sprechen schon von einer \"Avocado-Hand\". Dazu sollte man wissen, dass Engl\u00e4nder wohl gerne eine Avocado-Creme (Guacomole) auf ein zweites-Fr\u00fchst\u00fccks Toast streichen.<\/p>\n<h3>Anleitung zum \u00d6ffnen einer Avocado?<\/h3>\n<p>Die britische Gesellschaft f\u00fcr plastische, rekonstruktive und \u00e4sthetische Chirurgie empfiehlt, laut dem verlinkten Spiegel Online-Beitrag Warnhinweise auf der Frucht bzw. der Verpackung. Und The Times gibt im Artikel grafische Hinweise, wie man eine Avocado fachgerecht und ohne Verletzungsgefahr aufschneiden k\u00f6nnte. Bei Austern nutzen die Profis ja auch ein Tuch, um sich vor Verletzungen zu sch\u00fctzen.<\/p>\n<p>Insider\/innen wissen: Die K\u00fcche ist ein Schlachtfeld, speziell, wenn sich Fachfremde (M\u00e4nner) in ihren K\u00fcnsten versuchen. Also immer sch\u00f6n vorsichtig beim Aufschneiden einer Avocado bleiben und daran denken, dass da ein harter Kern drin ist.<\/p>\n<p>Obwohl, wir lassen eine Avocado, die schon mal gekauft wurde, so lange liegen, bis die Frucht vom Fruchtfleisch her weich wird. Dann l\u00e4sst sich die Frucht auf einem Teller oder Schneidebrett platziert, leicht mit einem Obstmesser (K\u00fcchenmesser) ohne Kraftaufwand rund herum in der \u00e4u\u00dferen Schalte aufschneiden. Dass da eine Verletzungsgefahr best\u00fcnde, war mir bisher unklar. Wenn ich die The Times-Grafiken richtig interpretiere, haben wir offenbar intuitiv alles richtig gemacht. Aber in <a href=\"https:\/\/de.wikipedia.org\/wiki\/Gro%C3%9Fbritannien_(Insel)\" target=\"_blank\" rel=\"noopener noreferrer\">Great Britain<\/a> sind viele Dinge scheinbar anders. Und ob das vereinigte K\u00f6nigreich nach dem Brexit noch so 'great' bleibt, wird sich in einigen Jahren zeigen.<\/p>\n","protected":false},"excerpt":{"rendered":"<p>Oha, das Leben ist gef\u00e4hrlich und Essen ist auch nicht immer ungef\u00e4hrlich. Dass man aber vor friedlichen Avocados aus diversen Gr\u00fcnden warnen m\u00fcsste, h\u00e4tte ich nicht gedacht. Einfach ein paar Informationen zum Modetrend 'Avocado' zusammen gepuzzelt.<\/p>\n","protected":false},"author":1,"featured_media":0,"comment_status":"open","ping_status":"open","sticky":false,"template":"","format":"standard","meta":{"footnotes":""},"categories":[28,9],"tags":[29,11],"class_list":["post-3027","post","type-post","status-publish","format-standard","hentry","category-essen","category-sicherheit","tag-essen","tag-sicherheit"],"_links":{"self":[{"href":"https:\/\/borncity.eu\/senioren\/wp-json\/wp\/v2\/posts\/3027","targetHints":{"allow":["GET"]}}],"collection":[{"href":"https:\/\/borncity.eu\/senioren\/wp-json\/wp\/v2\/posts"}],"about":[{"href":"https:\/\/borncity.eu\/senioren\/wp-json\/wp\/v2\/types\/post"}],"author":[{"embeddable":true,"href":"https:\/\/borncity.eu\/senioren\/wp-json\/wp\/v2\/users\/1"}],"replies":[{"embeddable":true,"href":"https:\/\/borncity.eu\/senioren\/wp-json\/wp\/v2\/comments?post=3027"}],"version-history":[{"count":0,"href":"https:\/\/borncity.eu\/senioren\/wp-json\/wp\/v2\/posts\/3027\/revisions"}],"wp:attachment":[{"href":"https:\/\/borncity.eu\/senioren\/wp-json\/wp\/v2\/media?parent=3027"}],"wp:term":[{"taxonomy":"category","embeddable":true,"href":"https:\/\/borncity.eu\/senioren\/wp-json\/wp\/v2\/categories?post=3027"},{"taxonomy":"post_tag","embeddable":true,"href":"https:\/\/borncity.eu\/senioren\/wp-json\/wp\/v2\/tags?post=3027"}],"curies":[{"name":"wp","href":"https:\/\/api.w.org\/{rel}","templated":true}]}}