{"id":3692,"date":"2017-08-11T00:54:00","date_gmt":"2017-08-10T22:54:00","guid":{"rendered":"http:\/\/borncity.com\/senioren\/?p=3692"},"modified":"2017-08-12T13:19:39","modified_gmt":"2017-08-12T11:19:39","slug":"fair-trade-kaffee-die-liebe-zum-kaffee-neu-definiert","status":"publish","type":"post","link":"https:\/\/borncity.eu\/senioren\/2017\/08\/11\/fair-trade-kaffee-die-liebe-zum-kaffee-neu-definiert\/","title":{"rendered":"Fair Trade Kaffee &ndash; Die Liebe zum Kaffee neu definiert"},"content":{"rendered":"<p>Hier im Blog habe ich ja schon mehrfach Beitr\u00e4ge rund um das Thema Kaffee ver\u00f6ffentlicht. Was aber, wenn man die Liebe zu einer guten Tasse Kaffee mit dem Gedanken des 'Fair Trade'-Handels beim Kaffee kombiniert? Um genau dieses Thema soll es in diesem Blog-Beitrag gehen.<\/p>\n<p><!--more--><\/p>\n<p>Gibt es etwas Sch\u00f6neres als den Duft frisch gebr\u00fchten Kaffees am Morgen? Selbst ich, als jahrzehntelanger Teetrinker, schnorre mir am Fr\u00fchst\u00fcckstisch eine Tasse Kaffee von meiner Frau und trinke diese gen\u00fcsslich mit einem Glas Wasser. Auch den kleinen Espresso zu Mittag verschm\u00e4he ich nicht. Und da ist noch die Erinnerung meiner Kindheit: Samstag Nachmittag, frisch gebohnerte Dielen, ein Streuselkuchen frisch aus dem Ofen steht auf dem K\u00fcchentisch, die Oma sitzt mit der Kaffeem\u00fchle zwischen den Knien und mahlt Kaffeebohnen. Dann gie\u00dft sie anschlie\u00dfend eine Kanne frischen Kaffee auf. Diese Ger\u00fcche und der Duft nach frischem Kaffee, die durch die Stube wehten, werde ich nie vergessen.<\/p>\n<p>Jeder, der Kaffee liebt, wei\u00df, was ich meine. Eine Kaffeestudie aus diesem Jahr hat nachgewiesen, dass in Deutschland \u00fcber 60 Prozent der Befragten zu einem Filterkaffee nicht \u201eNein\" sagen k\u00f6nnen. Mittlerweile wird ja viel Wert darauf gelegt, dass ein Kaffee aus Bio-Bohnen hergestellt wird und diese wiederum Fair Trade gehandelt werden. Was genau ist eigentlich Fair Trade? Heute mal ein Blog-Beitrag zu diesem Thema.<\/p>\n<h2>Was genau ist eigentlich Fair Trade?<\/h2>\n<p>Da wird ein Produkt mit einem Fair Trade-Siegel versehen. Aber was sagt mir dieses Siegel nun genau? In erster Linie steht ein Fair Trade-Siegel f\u00fcr den Ansatz, dass die produzierenden Kleinbauern einen angemessen Preis f\u00fcr ihr Produkt erhalten, mit dem sie menschenw\u00fcrdig leben k\u00f6nnen. Das ist n\u00e4mlich nicht immer so. Immer mehr Menschen konsumieren zwar Lebensmittel wie Avocado oder Couscous, wollen aber nat\u00fcrlich nicht zu viel daf\u00fcr bezahlen. Der Absatz geht \u00fcber den Preis \u2013 billig, billiger, am billigsten.<\/p>\n<p><img decoding=\"async\" title=\"Fair Trade \" src=\"http:\/\/i.imgur.com\/zuSZ98N.jpg\" alt=\"Fair Trade \" \/><br \/>\n(Quelle: \u00a9 nullplus\/shutterstock)<\/p>\n<p>Es ist mir schon klar, dass sich nicht jeder teure Produkte leisten will oder kann. Aber das 'geht es noch billiger' trifft am Ende leider die Schw\u00e4chsten in der Kette: Die Erzeuger der Nahrungsmittel, also die Bauern! Viele von ihnen bekommen so wenig Geld f\u00fcr ihre Erzeugnisse, dass sie sich die selbst angebauten Produkte gar nicht mehr leisten k\u00f6nnen. Dies soll mit einem solchen Siegel verhindert werden.<\/p>\n<h2>Was uns Fairtrade-Siegel sagen<\/h2>\n<p>An sich gibt es eine Vielzahl verschiedener Siegel, wobei wir bei vielen dieser Siegel wahrscheinlich gar nicht wissen, was genau dahinter steckt. Schlie\u00dflich findet man auf beinahe jeder Verpackung mindestens einen Aufdruck, der uns mit einem Versprechen locken soll.<\/p>\n<p>Das g\u00e4ngigste Siegel ist das der <a href=\"https:\/\/www.fairtrade-deutschland.de\/\" target=\"_blank\" rel=\"noopener\">Fairtrade Labeling Organisation International<\/a> (kurz FLO). Das betreffende Siegel ist Blau, Schwarz und Gr\u00fcn (eine Auswahl verschiedener Kaffeesorten mit diesem Siegel findet man beispielsweise <a href=\"https:\/\/www.dw-shop.de\/kaffee-und-tee\" target=\"_blank\" rel=\"noopener\">hier<\/a>). Hinter der FLO) verbirgt sich der weltweit gr\u00f6\u00dfte Zusammenschluss vieler Organisationen, die das Siegel f\u00fcr gerechten Handel vergeben. Das Problem ist allerdings, dass an sich jeder Bezeichnungen wie \u201eFair Trade\" oder \u201efairer Handel\" auf die Ware drucken lassen kann.<\/p>\n<p>Das Siegel bekommen allerdings nur diejenigen Anbieter, die zum einen bestimmte Kriterien erf\u00fcllen und zum anderen eine Geb\u00fchr von 5.000 Euro bezahlen. Wichtige Faktoren sind unter anderem:<\/p>\n<ol>\n<li>Ein Fairtrade-Mindestpreis muss unabh\u00e4ngig von der wirtschaftlichen Entwicklung an die Kleinbauern bezahlt werden.<\/li>\n<li>Der Anbau erfolgt umweltschonend.<\/li>\n<li>Kinderarbeit ist absolut verboten!<\/li>\n<li>Geregelte Arbeitsbedingungen m\u00fcssen nachgewiesen werden.<\/li>\n<\/ol>\n<h3>Welche Vor- und Nachteile verbergen sich hinter dem Siegel?<\/h3>\n<table border=\"1\" cellspacing=\"0\" cellpadding=\"0\">\n<tbody>\n<tr>\n<td valign=\"top\" width=\"307\"><b>Vorteile<\/b><\/td>\n<td valign=\"top\" width=\"307\"><b>Nachteile<\/b><\/td>\n<\/tr>\n<tr>\n<td valign=\"top\" width=\"307\"><b>Schutz der Produzenten vor Preiseinbr\u00fcchen<\/b><\/p>\n<p><b>Einkommenssicherheit durch Mindestpreisgarantie<\/b><\/p>\n<p><b>F\u00f6rderung der Mit- und Selbstbestimmung der Bauern<\/b><\/td>\n<td valign=\"top\" width=\"307\">Wettbewerbsvorteil gegen\u00fcber anderen armen Kleinbauern, die keine Fairtrade-Produzenten sind<\/p>\n<p>Der Gro\u00dfteil des Verkaufserl\u00f6ses geht nicht an die Bauern, sondern an die Importeure und Zertifizierungsstellen<\/td>\n<\/tr>\n<\/tbody>\n<\/table>\n<h2>Mein Fazit<\/h2>\n<p>Ich bin mir nicht sicher, ob viele der Siegel wirklich besonders aussagekr\u00e4ftig sind und ob diese Fair Trade-Ans\u00e4tze die Zust\u00e4nde in der Welt auf absehbare Zeit verbessern. Trotzdem finde ich: Die Fair Trade-Siegel sind ein guter Anfang. Zumindest kann man mit dem Kauf FLO-zertifizierter Produkte halbwegs sicher sein, dass kein Kind arbeiten muss und die Kleinbauern ihr Geld erhalten. W\u00fcnschenswert w\u00e4re nat\u00fcrlich, dass der Fair Trade-Gedanke bei allen Waren fl\u00e4chendeckend, vom Kaffee \u00fcber Kakao oder Tee bis hin zu anderen Produkten und Nahrungsmitteln angewandt wird. Der Anfang ist zumindest gemacht \u2013 und als Verbraucher kann man w\u00e4hlen &#8211; oder wie sehen Sie das?<\/p>\n<p><strong>\u00c4hnliche Artikel:<\/strong><br \/>\n<a href=\"https:\/\/borncity.eu\/senioren\/ratgeber\/\">Ratgeber und Informationen<\/a><br \/>\n<a href=\"https:\/\/borncity.eu\/senioren\/2017\/03\/16\/tipp-kaffee-aus-tiefgefrorenen-bohnen\/\">Tipp: Kaffee aus tiefgefrorenen Bohnen<\/a><br \/>\n<a href=\"https:\/\/borncity.eu\/senioren\/2017\/04\/11\/blonde-roast-hell-gersteter-filterkaffee\/\">Trend: Hell ger\u00f6steter Filterkaffee (Blonde Roast)<\/a><br \/>\n<a href=\"https:\/\/borncity.eu\/senioren\/2016\/12\/04\/tchibo-kaffeereport-2016\/\">Tchibo Kaffeereport 2016<\/a><br \/>\n<a href=\"https:\/\/borncity.eu\/senioren\/2017\/07\/02\/die-kaffeemaschine-als-keimschleuder\/\">Die Kaffeemaschine als Keimschleuder?<\/a><br \/>\n<a href=\"https:\/\/borncity.eu\/senioren\/2016\/11\/11\/kaffee-schtzt-vor-diabetes-wenn-die-gene-dies-zulassen\/\">Kaffee sch\u00fctzt vor Diabetes, wenn die Gene dies zulassen<\/a><br \/>\n<a href=\"https:\/\/borncity.eu\/senioren\/2017\/02\/09\/frhstcken-so-ungesund-wie-rauchen\/\">Fr\u00fchst\u00fccken, so ungesund wie rauchen?<\/a><br \/>\n<a href=\"https:\/\/borncity.eu\/senioren\/2017\/04\/29\/tipps-fr-einen-besseren-schlaf\/\">Tipps f\u00fcr einen besseren Schlaf<\/a><br \/>\n<a href=\"https:\/\/borncity.eu\/senioren\/2016\/11\/22\/koffein-verstrkt-die-wirkung-von-ibuprofen-co\/\">Koffein verst\u00e4rkt die Wirkung von Ibuprofen &amp; Co.<\/a><br \/>\n<a title=\"https:\/\/borncity.eu\/senioren\/?p=3527\" href=\"https:\/\/borncity.eu\/senioren\/?p=3527\">Kaffeetrinker leben l\u00e4nger und weitere Fakten zum Kaffee<\/a><\/p>\n","protected":false},"excerpt":{"rendered":"<p>Hier im Blog habe ich ja schon mehrfach Beitr\u00e4ge rund um das Thema Kaffee ver\u00f6ffentlicht. Was aber, wenn man die Liebe zu einer guten Tasse Kaffee mit dem Gedanken des 'Fair Trade'-Handels beim Kaffee kombiniert? Um genau dieses Thema soll &hellip; <a href=\"https:\/\/borncity.eu\/senioren\/2017\/08\/11\/fair-trade-kaffee-die-liebe-zum-kaffee-neu-definiert\/\">Weiterlesen <span class=\"meta-nav\">&rarr;<\/span><\/a><\/p>\n","protected":false},"author":1,"featured_media":0,"comment_status":"open","ping_status":"open","sticky":false,"template":"","format":"standard","meta":{"footnotes":""},"categories":[28],"tags":[359],"class_list":["post-3692","post","type-post","status-publish","format-standard","hentry","category-essen","tag-kaffee"],"_links":{"self":[{"href":"https:\/\/borncity.eu\/senioren\/wp-json\/wp\/v2\/posts\/3692","targetHints":{"allow":["GET"]}}],"collection":[{"href":"https:\/\/borncity.eu\/senioren\/wp-json\/wp\/v2\/posts"}],"about":[{"href":"https:\/\/borncity.eu\/senioren\/wp-json\/wp\/v2\/types\/post"}],"author":[{"embeddable":true,"href":"https:\/\/borncity.eu\/senioren\/wp-json\/wp\/v2\/users\/1"}],"replies":[{"embeddable":true,"href":"https:\/\/borncity.eu\/senioren\/wp-json\/wp\/v2\/comments?post=3692"}],"version-history":[{"count":0,"href":"https:\/\/borncity.eu\/senioren\/wp-json\/wp\/v2\/posts\/3692\/revisions"}],"wp:attachment":[{"href":"https:\/\/borncity.eu\/senioren\/wp-json\/wp\/v2\/media?parent=3692"}],"wp:term":[{"taxonomy":"category","embeddable":true,"href":"https:\/\/borncity.eu\/senioren\/wp-json\/wp\/v2\/categories?post=3692"},{"taxonomy":"post_tag","embeddable":true,"href":"https:\/\/borncity.eu\/senioren\/wp-json\/wp\/v2\/tags?post=3692"}],"curies":[{"name":"wp","href":"https:\/\/api.w.org\/{rel}","templated":true}]}}