{"id":4040,"date":"2017-09-22T08:01:00","date_gmt":"2017-09-22T06:01:00","guid":{"rendered":"http:\/\/borncity.com\/senioren\/?p=4040"},"modified":"2024-07-26T20:14:26","modified_gmt":"2024-07-26T18:14:26","slug":"panne-bauschaum-und-haarschaum-verwechselt","status":"publish","type":"post","link":"https:\/\/borncity.eu\/senioren\/2017\/09\/22\/panne-bauschaum-und-haarschaum-verwechselt\/","title":{"rendered":"Panne: Bauschaum und Haarschaum verwechselt"},"content":{"rendered":"<p>Die Frau wollte sich die Haare f\u00fcr die Hochzeit ihres Sohnes sch\u00f6n machen, wie baufun schreibt. Leider verwechselte sie die Dose und spr\u00fchte sich Bauschaum statt Haarschaum in die Frisur. Als der Schaum fest wurde, ging sie ins Krankenhaus. Was dann mit zwei 'Polizisten', die dann dazu kamen, passierte, zeigt das Video. Das Problem ist auch ohne Niederl\u00e4ndisch-Kenntnisse verst\u00e4ndlich.<!--more--><\/p>\n<p>An dieser Stelle eine Anmerkung: So richtig glaubhaft ist es nicht, dass sich die ganze Geschichte in Realit\u00e4t zugetragen hat. Einmal sind Dosen f\u00fcr Bauschaum und Haarschaum nur schwer zu verwechseln &#8211; und ich wei\u00df nicht, in meinem Bad steht keine Dose Bauschaum herum. Weiterhin hat mich meine Frau aufgekl\u00e4rt, dass sie immer nur eine kleine Menge, gro\u00df wie eine Nu\u00df, auf die Hand spr\u00fcht und das in die Haare gibt. Der Schaum ist auch wei\u00df, statt gelblich, wie Bauschaum.<\/p>\n<p>Vor allem: Wenn ich Bauschaum im Haar h\u00e4tte, w\u00fcrde ich statt ins Krankenhaus zum Friseur gehen. In der Klinik k\u00f6nnte man dem Schaum mit Azeton zu Leibe r\u00fccken. Letzte Ungereimtheit: Wieso kommt die Polizei bei so einem Malheur ins Krankenhaus &#8211; und hat zuf\u00e4llig noch eine Kamera dabei? Gut, auszuschlie\u00dfen ist das alles nicht &#8211; es k\u00f6nnte aber auch sein, dass die Dame eine Per\u00fccke tr\u00e4gt, die dann f\u00fcr die inszenierte Filmszene mit Bauschaum eingespr\u00fcht wurde.<\/p>\n<p>Wie dem auch immer sei &#8211; lustig ist es allemal. Und wie hei\u00dft es: Wer den Schaden hat, braucht f\u00fcr den Spott nicht zu sorgen.<\/p>\n<p>(Quelle: <a href=\"https:\/\/youtu.be\/V9-X04R_Sp0\">YouTube<\/a>)<\/p>\n<p>PS: Im September 2015 ging eine \u00e4hnliche Geschichte durchs Internet, allerdings nur mit einem Foto (<a href=\"http:\/\/www.bigfm.de\/topic\/7653\/verwechselt-haarmousse-montageschaum\" target=\"_blank\" rel=\"noopener\">siehe<\/a>). Erg\u00e4nzung: Es ist ein Fake &#8211; Tineke Schilebeeckx ist eine Schauspielerin, die in der belgischen TV-Serie\u00a0<a href=\"https:\/\/nl.wikipedia.org\/wiki\/Echte_Verhalen:_De_Buurtpolitie\" target=\"_blank\" rel=\"noopener\">De Buurtpolitie<\/a> auftritt. Aber Correctiv hat <a href=\"https:\/\/correctiv.org\/fakten-check\/2018\/02\/19\/frau-verwechselt-haarschaum-mit-bauschaum-in-einer-belgischen-scripted-reality-show\/\" target=\"_blank\" rel=\"noopener\">hier die Fakten<\/a> gepr\u00fcft &#8211; es sollen beim Reality-Programm immer \"Echte Geschichten\" nachgespielt werden.<\/p>\n","protected":false},"excerpt":{"rendered":"<p>Die Frau wollte sich die Haare f\u00fcr die Hochzeit ihres Sohnes sch\u00f6n machen, wie baufun schreibt. Leider verwechselte sie die Dose und spr\u00fchte sich Bauschaum statt Haarschaum in die Frisur. Als der Schaum fest wurde, ging sie ins Krankenhaus. Was &hellip; <a href=\"https:\/\/borncity.eu\/senioren\/2017\/09\/22\/panne-bauschaum-und-haarschaum-verwechselt\/\">Weiterlesen <span class=\"meta-nav\">&rarr;<\/span><\/a><\/p>\n","protected":false},"author":1,"featured_media":0,"comment_status":"open","ping_status":"open","sticky":false,"template":"","format":"standard","meta":{"footnotes":""},"categories":[1],"tags":[168],"class_list":["post-4040","post","type-post","status-publish","format-standard","hentry","category-allgemein","tag-allgemein"],"_links":{"self":[{"href":"https:\/\/borncity.eu\/senioren\/wp-json\/wp\/v2\/posts\/4040","targetHints":{"allow":["GET"]}}],"collection":[{"href":"https:\/\/borncity.eu\/senioren\/wp-json\/wp\/v2\/posts"}],"about":[{"href":"https:\/\/borncity.eu\/senioren\/wp-json\/wp\/v2\/types\/post"}],"author":[{"embeddable":true,"href":"https:\/\/borncity.eu\/senioren\/wp-json\/wp\/v2\/users\/1"}],"replies":[{"embeddable":true,"href":"https:\/\/borncity.eu\/senioren\/wp-json\/wp\/v2\/comments?post=4040"}],"version-history":[{"count":2,"href":"https:\/\/borncity.eu\/senioren\/wp-json\/wp\/v2\/posts\/4040\/revisions"}],"predecessor-version":[{"id":25573,"href":"https:\/\/borncity.eu\/senioren\/wp-json\/wp\/v2\/posts\/4040\/revisions\/25573"}],"wp:attachment":[{"href":"https:\/\/borncity.eu\/senioren\/wp-json\/wp\/v2\/media?parent=4040"}],"wp:term":[{"taxonomy":"category","embeddable":true,"href":"https:\/\/borncity.eu\/senioren\/wp-json\/wp\/v2\/categories?post=4040"},{"taxonomy":"post_tag","embeddable":true,"href":"https:\/\/borncity.eu\/senioren\/wp-json\/wp\/v2\/tags?post=4040"}],"curies":[{"name":"wp","href":"https:\/\/api.w.org\/{rel}","templated":true}]}}