{"id":4355,"date":"2017-10-29T09:11:03","date_gmt":"2017-10-29T08:11:03","guid":{"rendered":"http:\/\/borncity.com\/senioren\/?p=4355"},"modified":"2017-10-29T19:47:48","modified_gmt":"2017-10-29T18:47:48","slug":"zeitumstellung-wir-haben-wieder-winterzeit","status":"publish","type":"post","link":"https:\/\/borncity.eu\/senioren\/2017\/10\/29\/zeitumstellung-wir-haben-wieder-winterzeit\/","title":{"rendered":"Zeitumstellung: Wir haben wieder Winterzeit &hellip;"},"content":{"rendered":"<p>Heute Nacht war es wieder einmal so weit: Die Uhr wurde in der EU um eine Stunde zur\u00fcck, auf Winterzeit, umgestellt. Also durch das Haus rennen und die Uhren stellen (Roll\u00e4densteuerung, Herd, Heizung etc.). Und die ewige Frage: Muss die Uhr eine Stunde vor oder zur\u00fcck gestellt werden? Hier noch einige Informationen rund um dieses Thema.<\/p>\n<p><!--more--><\/p>\n<p><img loading=\"lazy\" decoding=\"async\" src=\" https:\/\/ssl-vg03.met.vgwort.de\/na\/891c0548755e4339aed3cc382ea0f0ec\" alt=\"\" width=\"1\" height=\"1\" \/>Das Ganze geht auf die 70er Jahre des vorherigen Jahrtausends zur\u00fcck, wo man in der 'Energiekrise' mit der Umstellung auf Sommer-\/Winterzeit Energie sparen wollte. Hat sich als Irrtum herausgestellt, aber wir leisten uns diesen Irrsinn noch immer. Es gibt zwar Leute, die sich \u00fcber die eine Stunde mehr Tageslicht im Sommer freuen. Aber die Umstellung der Uhr, zwei Mal im Jahr, bereitet schon Aufwand und bringt Mensch und Tier im Tagesrhythmus durcheinander.<\/p>\n<h2>Fundsplitter zur 'Zeitumstellung'<\/h2>\n<p>Erster Fundsplitter: Allgemein ist ja von 'Zeitumstellung' die Rede. Es gibt aber Leute, die sich dar\u00fcber aufregen. Denn es wird ja konkret die Uhr umgestellt \u2013 also vom K\u00fcchentisch auf die Anrichte, beispielsweise. Oder einfach eine Stunde zur\u00fcck.<\/p>\n<p>Als meine Frau sagte, die Sommerzeit wird vielleicht abgeschafft, fragte die Tochter 'wie, haben wir dann keinen Sommer mehr?' \u2013 klingt irgendwie logisch.<\/p>\n<p>Viele Menschen freuen sich, dass sie an diesem Sonntag eine Stunde l\u00e4nger schlafen durften \u2013 im Fr\u00fchjahr ist die Nacht daf\u00fcr eine Stunde k\u00fcrzer. Wer Schicht arbeitet, freut sich \u00fcber die kurze Schicht im Fr\u00fchjahr und flucht \u00fcber die Stunde zus\u00e4tzlichen Dienst.<\/p>\n<blockquote class=\"twitter-tweet\" data-lang=\"de\">\n<p dir=\"ltr\" lang=\"de\">Liebe Kollegen,<br \/>\ndie es diesmal erwischt hat &amp; eine Stunde l\u00e4nger dienen d\u00fcrfen.<br \/>\nDie n\u00e4chste <a href=\"https:\/\/twitter.com\/hashtag\/Zeitumstellung?src=hash&amp;ref_src=twsrc%5Etfw\">#Zeitumstellung<\/a> kommt &amp; ihr habt Fr\u00fchdienst\u2049\ufe0f <a href=\"https:\/\/t.co\/gwPKkXL2a6\">pic.twitter.com\/gwPKkXL2a6<\/a><\/p>\n<p>\u2014 Bundespolizei KOB (@bpol_koblenz) <a href=\"https:\/\/twitter.com\/bpol_koblenz\/status\/924339303475531776?ref_src=twsrc%5Etfw\">28. Oktober 2017<\/a><\/p><\/blockquote>\n<p><script async src=\"https:\/\/platform.twitter.com\/widgets.js\" charset=\"utf-8\"><\/script><\/p>\n<p>Jedenfalls ist so mancher von der Zeitumstellung geschafft und h\u00e4ngt nur noch schlapp herum \u2026<\/p>\n<h2>Eselsbr\u00fccken zur Umstellung<\/h2>\n<p>Zuerst zur ewigen Frage: Muss die Uhr eine Stunde vor oder zur\u00fcck gestellt werden? Die S\u00fcddeutsche Zeitung hat da einen <a href=\"http:\/\/www.sueddeutsche.de\/panorama\/zeit-eselsbruecken-fuer-die-zeitumstellung-1.2916673\" target=\"_blank\" rel=\"noopener\">sch\u00f6nen Artikel<\/a> ver\u00f6ffentlicht, der folgende Eselsbr\u00fccke enth\u00e4lt.<\/p>\n<blockquote><p>Im <strong>Fr\u00fchjahr <\/strong>kommen die St\u00fchle <i><strong>vor<\/strong> <\/i>das Caf\u00e9, im <strong>Herbst<\/strong> stellt man sie wieder <i><strong>zur\u00fcck<\/strong><\/i>.<\/p><\/blockquote>\n<p>Oder man merkt sich: Der Zeiger wird in Richtung Sommer gedreht \u2013 im Fr\u00fchling nach vorne, im Herbst halt zur\u00fcck.<\/p>\n<h2>Wer stellt um und seit wann gibt es das?<\/h2>\n<p>Die Sommer- und Winterzeitumstellung erfolgt \u00fcbrigens nicht weltweit. Europa und die meisten US-Bundesstaaten nutzen die Umstellung. In Russland beteiligt man sich nicht an diesem Spielchen. Ganz skurril wird das Thema am S\u00fcdpol. Dort stellen die Forschungsstationen die Uhren auf die Zeit im jeweiligen Heimatland um. Und hier die Irrungen und Wirrungen der Zeitumstellung in Deutschland.<\/p>\n<ul>\n<li>In Deutschland wurde die Sommerzeit \u00fcbrigens erstmals 1916 im Kaiserreich eingef\u00fchrt. 1919 gab es die Weinmarer Republik, die die Sommerzeit flugs wieder abschaffte.<\/li>\n<li>Im Zweiten Weltkrieg f\u00fchrte Deutschland 1940 die Sommerzeit erneut in Erwartung einer Energieeinsparung ein.<\/li>\n<li>1947 wurde eine doppelte Sommerzeit von 2 Stunden verordnet, nach sieben Wochen kehrte man zur einfachen Sommerzeit zur\u00fcck. 1949 beendete man in Deutschland die allj\u00e4hrliche Uhrumstellung.<\/li>\n<\/ul>\n<p>Die Energiekrise 1973 f\u00fchrte wieder zur Diskussion, ob die Sommerzeit eingef\u00fchrt werden sollte. Frankreich war 1976 dabei, Deutschland beteiligte sich nicht. Erst 1980 wurde die Sommer-\/Winterzeit in Deutschland und in der DDR per Verordnung eingef\u00fchrt. 1981 schloss sich die Schweiz an und seit 1996 ist die Sommerzeit in allen EU-Mitgliedsstaaten einheitlich geregelt, wie man in <a href=\"https:\/\/de.wikipedia.org\/wiki\/Sommerzeit\" target=\"_blank\" rel=\"noopener\">der Wikipedia<\/a> nachlesen kann.<\/p>\n<p>Weitere Skurrilit\u00e4ten zur Zeitumstellung lassen sich auf <a href=\"https:\/\/www.vodafone.de\/featured\/digital-life\/7-fakten-zur-zeitumstellung-alles-zurueck-auf-normal\/?b_id=1444&amp;j_id=SocSocAwaA01C|BehCpcFAA|fq0ntaCNP&amp;c_id=soc_cba_A01:fq0_C_FT_DL_TW_VB_PM_291017_7_fakten_zur_zeitumstellung_alles_zurueck_auf_normal\" target=\"_blank\" rel=\"noopener\">dieser Webseite<\/a> nachlesen. Da die Zeitumstellung so einiges durcheinander bringt, wird, laut z.B. <a href=\"http:\/\/www.spiegel.de\/wissenschaft\/mensch\/zeitumstellung-eu-prueft-abschaffung-der-sommerzeit-a-1175077.html\" target=\"_blank\" rel=\"noopener\">diesem Artikel<\/a>, derzeit die Abschaffung der Sommerzeit in der EU gepr\u00fcft. Schauen wir mal, wie das ausgeht. F\u00fcr Leute mit Schlafst\u00f6rungen durch die Zeitumstellung, hier noch ein Therapieplan.<\/p>\n<blockquote class=\"twitter-tweet\" data-lang=\"de\">\n<p dir=\"ltr\" lang=\"de\">Es ist wieder soweit: Die Winterzeit naht. Falls die <a href=\"https:\/\/twitter.com\/hashtag\/Zeitumstellung?src=hash&amp;ref_src=twsrc%5Etfw\">#Zeitumstellung<\/a> Ihren Schlafrhythmus durcheinander bringt\u2026 <a href=\"https:\/\/t.co\/majVO8gCTI\">pic.twitter.com\/majVO8gCTI<\/a><\/p>\n<p>\u2014 Destatis (@destatis) <a href=\"https:\/\/twitter.com\/destatis\/status\/924172877376753669?ref_src=twsrc%5Etfw\">28. Oktober 2017<\/a><\/p><\/blockquote>\n<p><script async src=\"https:\/\/platform.twitter.com\/widgets.js\" charset=\"utf-8\"><\/script><\/p>\n","protected":false},"excerpt":{"rendered":"<p>Heute Nacht war es wieder einmal so weit: Die Uhr wurde in der EU um eine Stunde zur\u00fcck, auf Winterzeit, umgestellt. Also durch das Haus rennen und die Uhren stellen (Roll\u00e4densteuerung, Herd, Heizung etc.). Und die ewige Frage: Muss die &hellip; <a href=\"https:\/\/borncity.eu\/senioren\/2017\/10\/29\/zeitumstellung-wir-haben-wieder-winterzeit\/\">Weiterlesen <span class=\"meta-nav\">&rarr;<\/span><\/a><\/p>\n","protected":false},"author":1,"featured_media":0,"comment_status":"open","ping_status":"open","sticky":false,"template":"","format":"standard","meta":{"footnotes":""},"categories":[1],"tags":[615],"class_list":["post-4355","post","type-post","status-publish","format-standard","hentry","category-allgemein","tag-winterzeit"],"_links":{"self":[{"href":"https:\/\/borncity.eu\/senioren\/wp-json\/wp\/v2\/posts\/4355","targetHints":{"allow":["GET"]}}],"collection":[{"href":"https:\/\/borncity.eu\/senioren\/wp-json\/wp\/v2\/posts"}],"about":[{"href":"https:\/\/borncity.eu\/senioren\/wp-json\/wp\/v2\/types\/post"}],"author":[{"embeddable":true,"href":"https:\/\/borncity.eu\/senioren\/wp-json\/wp\/v2\/users\/1"}],"replies":[{"embeddable":true,"href":"https:\/\/borncity.eu\/senioren\/wp-json\/wp\/v2\/comments?post=4355"}],"version-history":[{"count":0,"href":"https:\/\/borncity.eu\/senioren\/wp-json\/wp\/v2\/posts\/4355\/revisions"}],"wp:attachment":[{"href":"https:\/\/borncity.eu\/senioren\/wp-json\/wp\/v2\/media?parent=4355"}],"wp:term":[{"taxonomy":"category","embeddable":true,"href":"https:\/\/borncity.eu\/senioren\/wp-json\/wp\/v2\/categories?post=4355"},{"taxonomy":"post_tag","embeddable":true,"href":"https:\/\/borncity.eu\/senioren\/wp-json\/wp\/v2\/tags?post=4355"}],"curies":[{"name":"wp","href":"https:\/\/api.w.org\/{rel}","templated":true}]}}