{"id":5197,"date":"2018-01-23T13:44:23","date_gmt":"2018-01-23T12:44:23","guid":{"rendered":"https:\/\/borncity.com\/senioren\/?p=5197"},"modified":"2018-01-23T13:44:23","modified_gmt":"2018-01-23T12:44:23","slug":"ostsee-kste-im-winter-bernstein-wetter","status":"publish","type":"post","link":"https:\/\/borncity.eu\/senioren\/2018\/01\/23\/ostsee-kste-im-winter-bernstein-wetter\/","title":{"rendered":"Ostsee-K&uuml;ste im Winter: Bernstein-Wetter"},"content":{"rendered":"<p>Wenn die Januar-St\u00fcrme an der Ostseek\u00fcste hinweg ziehen, ist an den Str\u00e4nden von R\u00fcgen, Hiddensee oder dem Dar\u00df Bernstein-Wetter. Der Sturm sp\u00fclt die versteinerte Harzklumpen an den Strand. Aber auch ohne Bernstein laden lange und weitgehend menschenleere Str\u00e4nde zu Spazierg\u00e4ngen ein. Die folgenden Bilder zeigen Impressionen vom Weststrand der Halbinsel Fischland, Zingst, Dar\u00df. <\/p>\n<p><img decoding=\"async\" title=\"Dar&szlig; Weststrand bei Arenshoop\" alt=\"Dar&szlig; Weststrand bei Arenshoop\" src=\"https:\/\/i.imgur.com\/OeChRlW.jpg\"><br \/>(Dar\u00df Weststrand bei Arenshoop)<\/p>\n<p><img decoding=\"async\" title=\"Dar&szlig; Weststrand in Richtung Dar&szlig;er Ort\" alt=\"Dar&szlig; Weststrand in Richtung Dar&szlig;er Ort\" src=\"https:\/\/i.imgur.com\/m6FTeaM.jpg\"><br \/>(Dar\u00df Weststrand in Richtung Dar\u00dfer Ort)<\/p>\n","protected":false},"excerpt":{"rendered":"<p>Wenn die Januar-St\u00fcrme an der Ostseek\u00fcste hinweg ziehen, ist an den Str\u00e4nden von R\u00fcgen, Hiddensee oder dem Dar\u00df Bernstein-Wetter. Der Sturm sp\u00fclt die versteinerte Harzklumpen an den Strand. Aber auch ohne Bernstein laden lange und weitgehend menschenleere Str\u00e4nde zu Spazierg\u00e4ngen &hellip; <a href=\"https:\/\/borncity.eu\/senioren\/2018\/01\/23\/ostsee-kste-im-winter-bernstein-wetter\/\">Weiterlesen <span class=\"meta-nav\">&rarr;<\/span><\/a><\/p>\n","protected":false},"author":1,"featured_media":0,"comment_status":"open","ping_status":"open","sticky":false,"template":"","format":"standard","meta":{"footnotes":""},"categories":[18,13],"tags":[152,119,640],"class_list":["post-5197","post","type-post","status-publish","format-standard","hentry","category-foto","category-natur","tag-darss","tag-natur","tag-ostsee"],"_links":{"self":[{"href":"https:\/\/borncity.eu\/senioren\/wp-json\/wp\/v2\/posts\/5197","targetHints":{"allow":["GET"]}}],"collection":[{"href":"https:\/\/borncity.eu\/senioren\/wp-json\/wp\/v2\/posts"}],"about":[{"href":"https:\/\/borncity.eu\/senioren\/wp-json\/wp\/v2\/types\/post"}],"author":[{"embeddable":true,"href":"https:\/\/borncity.eu\/senioren\/wp-json\/wp\/v2\/users\/1"}],"replies":[{"embeddable":true,"href":"https:\/\/borncity.eu\/senioren\/wp-json\/wp\/v2\/comments?post=5197"}],"version-history":[{"count":0,"href":"https:\/\/borncity.eu\/senioren\/wp-json\/wp\/v2\/posts\/5197\/revisions"}],"wp:attachment":[{"href":"https:\/\/borncity.eu\/senioren\/wp-json\/wp\/v2\/media?parent=5197"}],"wp:term":[{"taxonomy":"category","embeddable":true,"href":"https:\/\/borncity.eu\/senioren\/wp-json\/wp\/v2\/categories?post=5197"},{"taxonomy":"post_tag","embeddable":true,"href":"https:\/\/borncity.eu\/senioren\/wp-json\/wp\/v2\/tags?post=5197"}],"curies":[{"name":"wp","href":"https:\/\/api.w.org\/{rel}","templated":true}]}}