{"id":5293,"date":"2018-02-10T00:29:00","date_gmt":"2018-02-09T23:29:00","guid":{"rendered":"https:\/\/borncity.com\/senioren\/?p=5293"},"modified":"2021-11-19T15:41:59","modified_gmt":"2021-11-19T14:41:59","slug":"pedelec-wenn-der-akku-schlapp-macht","status":"publish","type":"post","link":"https:\/\/borncity.eu\/senioren\/2018\/02\/10\/pedelec-wenn-der-akku-schlapp-macht\/","title":{"rendered":"Pedelec: Wenn der Akku schlapp macht"},"content":{"rendered":"<p>Vor einigen Tagen hatte ich \u00fcber die Gefahr von Pedelecs (Fahrrad mit Elektronantrieb) berichtet (siehe <a href=\"https:\/\/borncity.eu\/senioren\/2018\/02\/02\/pedelecs-eine-gefahr-frs-alter\/\">Pedelecs, eine Gefahr f\u00fcrs Alter?<\/a>). Aber die Besitzer der schnieken R\u00e4der haben noch ein Problem: Irgendwann stirbt der Akku und dann ist n\u00fccht mehr mit l\u00e4ssig den Berg hoch radeln. Die K\u00e4ufer der ersten E-Bike-Modelle d\u00fcrften mittlerweile vor diesem Problem stehen.<\/p>\n<p><!--more--><\/p>\n<p><img loading=\"lazy\" decoding=\"async\" src=\"https:\/\/ssl-vg03.met.vgwort.de\/na\/577fb412a4564172828a6c9f02c2857d\" alt=\"\" width=\"1\" height=\"1\" \/>Die in Pedelecs verbauten Lithium-Oxid-Zellen der Akkus halten zwischen 500 bis 1.000 Ladezyklen. Dann l\u00e4sst die Kapazit\u00e4t nach und sinkt auf bis zu 70 % und darunter. Die Zeit sch\u00e4tzt <a href=\"http:\/\/www.zeit.de\/mobilitaet\/2018-01\/pedelecs-e-bikes-akku-neukauf-batterie\" target=\"_blank\" rel=\"noopener noreferrer\">in diesem Artikel<\/a> zum Thema, dass dies f\u00fcr 20.000 bis 40.000 Kilometer reicht, die der Besitzer des E-Bike zur\u00fccklegen kann.<\/p>\n<p>In <a href=\"https:\/\/www.autozeitung.de\/e-bike-akku-pflege-defekt-feststellen-135212.html\" target=\"_blank\" rel=\"noopener noreferrer\">diesem Artikel<\/a> gibt die Auto-Zeitung zwar Ratschl\u00e4ge, um die Lebensdauer durch Akku-Pflege zu verl\u00e4ngern. Beispielsweise Aufbewahrung in trockener Umgebung und vermeiden von zu hohen Temperaturen (z.B. in der Sonne im hei\u00dfen Sommer). Sobald das Akku des Pedelec schw\u00e4chelt und die Reichweite nachl\u00e4sst, sollte man eine \u00dcberpr\u00fcfung durch den H\u00e4ndler veranlassen. Diese kann mit Hilfe diverser Diagnosetools feststellen, ob die Elektronik oder das Akku einen Schaden hat.<\/p>\n<blockquote><p>Das Gleiche gilt nach St\u00fcrzen oder Unf\u00e4llen, bei denen der Akku Schaden nehmen kann. Ein besch\u00e4digter Akku stellt m\u00f6glicherweise eine Brandgefahr dar (siehe <a href=\"https:\/\/www.heise.de\/newsticker\/meldung\/Hannover-Explosion-von-E-Bike-Akku-loest-Parkhausbrand-aus-3619564.html\" target=\"_blank\" rel=\"noopener noreferrer\">diesen Bericht<\/a> und <a href=\"https:\/\/pedelec-elektro-fahrrad.de\/news\/akkubrand-sind-pedelecs-jetzt-gefaehrlich\/101855\/\" target=\"_blank\" rel=\"noopener noreferrer\">hier<\/a>).<\/p><\/blockquote>\n<p><img loading=\"lazy\" decoding=\"async\" title=\"Pedelec\" src=\"https:\/\/upload.wikimedia.org\/wikipedia\/commons\/thumb\/f\/f5\/Gepida_Pedelec_Reptila-D_links_dkl.JPG\/1024px-Gepida_Pedelec_Reptila-D_links_dkl.JPG\" alt=\"Pedelec\" width=\"584\" height=\"438\" \/><br \/>\n(Quelle: Wikipedia\u00a0 <a href=\"https:\/\/commons.wikimedia.org\/wiki\/User:Wiki-Bilder\">J. Hammerschmidt<\/a>, <a href=\"https:\/\/creativecommons.org\/licenses\/by-sa\/3.0\">CC BY-SA 3.0<\/a>)<\/p>\n<p>Ist das Akku kaputt? F\u00fcr die E-Bike-Besitzer stellt sich dann die Frage: Neues Pedelec kaufen oder den Akku austauschen. Bei g\u00e4ngigen Modellen d\u00fcrften Austausch-Akkus im Handel erh\u00e4ltlich sein. In <a href=\"https:\/\/ebike-news.de\/neuer-e-bike-akku\/138214\/\" target=\"_blank\" rel=\"noopener noreferrer\">diesem Artikel<\/a> findet man Hinweise, was beim Akku-Tausch zu beachten ist und auch der Zeit-Artikel <a href=\"http:\/\/www.zeit.de\/mobilitaet\/2018-01\/pedelecs-e-bikes-akku-neukauf-batterie\" target=\"_blank\" rel=\"noopener noreferrer\">hier<\/a> enth\u00e4lt einige Hinweise.<\/p>\n<p>Webseiten wie <a href=\"https:\/\/web.archive.org\/web\/20190921180825\/http:\/\/www.ebikeakkus.de:80\/de\/fahrrad-akkus\/pedelec-ersatzakku\/?\" target=\"_blank\" rel=\"nofollow noopener noreferrer\">diese hier<\/a> bieten Ersatzakkus f\u00fcr diverse Modelle an. Auch <a href=\"https:\/\/web.archive.org\/web\/20210414235827\/https:\/\/www.elektrofahrrad-einfach.de\/Einzelkomponenten\/Akkus\" target=\"_blank\" rel=\"nofollow noopener noreferrer\">diese Webseite<\/a> und <a href=\"https:\/\/web.archive.org\/web\/20190921180825\/http:\/\/www.ebikeakkus.de:80\/de\/fahrrad-akkus\/pedelec-ersatzakku\/?\" target=\"_blank\" rel=\"nofollow noopener noreferrer\">diese Seite<\/a> halten diverse Akkus vor. Der Preis kann schon mal um die 500 Euro betragen \u2013 was immer noch g\u00fcnstiger als der Neukauf eines Pedelecs ist. F\u00fcr g\u00e4ngige Markenakkus wird man gegebenenfalls <a href=\"https:\/\/www.amazon.de\/gp\/search\/ref=as_li_qf_sp_sr_il_tl?ie=UTF8&amp;tag=borncity-21&amp;keywords=Pedelec Akku&amp;index=aps&amp;camp=1638&amp;creative=6742&amp;linkCode=xm2&amp;linkId=dd67e64e6929a9b5387d16a0c791c960\" target=\"_blank\" rel=\"noopener noreferrer\">beim Versender Amazon.de<\/a> f\u00fcndig. Einige Firmen wie <a href=\"https:\/\/www.akkuman.de\/akku-reparatur\/e-bike-akku-reparatur-vs-ersatzakku\/\" target=\"_blank\" rel=\"nofollow noopener noreferrer\">hier<\/a> haben sich auf die Diagnose und Reparatur von Akkus f\u00fcr E-Bikes spezialisiert. Notfalls diese Firmen kontaktieren \u2013 diese k\u00f6nnen Ihnen auch sagen, ob das Akku noch (wegen Brandgefahr) mit der Post versandt werden kann bzw. darf.<\/p>\n","protected":false},"excerpt":{"rendered":"<p>Vor einigen Tagen hatte ich \u00fcber die Gefahr von Pedelecs (Fahrrad mit Elektronantrieb) berichtet (siehe Pedelecs, eine Gefahr f\u00fcrs Alter?). Aber die Besitzer der schnieken R\u00e4der haben noch ein Problem: Irgendwann stirbt der Akku und dann ist n\u00fccht mehr mit &hellip; <a href=\"https:\/\/borncity.eu\/senioren\/2018\/02\/10\/pedelec-wenn-der-akku-schlapp-macht\/\">Weiterlesen <span class=\"meta-nav\">&rarr;<\/span><\/a><\/p>\n","protected":false},"author":1,"featured_media":0,"comment_status":"open","ping_status":"open","sticky":false,"template":"","format":"standard","meta":{"footnotes":""},"categories":[1],"tags":[642,641,590],"class_list":["post-5293","post","type-post","status-publish","format-standard","hentry","category-allgemein","tag-akku","tag-pedelec","tag-reparatur"],"_links":{"self":[{"href":"https:\/\/borncity.eu\/senioren\/wp-json\/wp\/v2\/posts\/5293","targetHints":{"allow":["GET"]}}],"collection":[{"href":"https:\/\/borncity.eu\/senioren\/wp-json\/wp\/v2\/posts"}],"about":[{"href":"https:\/\/borncity.eu\/senioren\/wp-json\/wp\/v2\/types\/post"}],"author":[{"embeddable":true,"href":"https:\/\/borncity.eu\/senioren\/wp-json\/wp\/v2\/users\/1"}],"replies":[{"embeddable":true,"href":"https:\/\/borncity.eu\/senioren\/wp-json\/wp\/v2\/comments?post=5293"}],"version-history":[{"count":0,"href":"https:\/\/borncity.eu\/senioren\/wp-json\/wp\/v2\/posts\/5293\/revisions"}],"wp:attachment":[{"href":"https:\/\/borncity.eu\/senioren\/wp-json\/wp\/v2\/media?parent=5293"}],"wp:term":[{"taxonomy":"category","embeddable":true,"href":"https:\/\/borncity.eu\/senioren\/wp-json\/wp\/v2\/categories?post=5293"},{"taxonomy":"post_tag","embeddable":true,"href":"https:\/\/borncity.eu\/senioren\/wp-json\/wp\/v2\/tags?post=5293"}],"curies":[{"name":"wp","href":"https:\/\/api.w.org\/{rel}","templated":true}]}}