{"id":6303,"date":"2018-05-07T00:23:00","date_gmt":"2018-05-06T22:23:00","guid":{"rendered":"https:\/\/borncity.com\/senioren\/?p=6303"},"modified":"2020-12-10T10:32:32","modified_gmt":"2020-12-10T09:32:32","slug":"gardenline-bienen-und-insektenhotel-bei-aldi-sd","status":"publish","type":"post","link":"https:\/\/borncity.eu\/senioren\/2018\/05\/07\/gardenline-bienen-und-insektenhotel-bei-aldi-sd\/","title":{"rendered":"GARDENLINE&reg; Bienen- und Insektenhotel bei Aldi-S&uuml;d"},"content":{"rendered":"<p><img loading=\"lazy\" decoding=\"async\" style=\"float: left; margin: 0px 10px 0px 0px; display: inline\" src=\"https:\/\/web.archive.org\/web\/20180123183847\/http:\/\/x82.imgup.net\/AldiS2841.jpg\" width=\"63\" align=\"left\" height=\"67\">Kleiner Hinweis f\u00fcr alle Naturfreunde und Gartenbesitzer, die etwas f\u00fcr Bienen und Insekten tun wollen. Gerade habe ich gesehen, dass Aldi S\u00fcd ein GARDENLINE\u00ae Bienen- und Insektenhotel im Angebot hat. <\/p>\n<p><!--more--><\/p>\n<p>Der Verkauf startet am Montag, den 7.5.2018 bei Aldi S\u00fcd. Das GARDENLINE\u00ae Bienen- und Insektenhotel wird zum Preis von 9,99 Euro angeboten. Informationen gibt es auf dieser Aldi-Seite. <\/p>\n<p><img decoding=\"async\" title=\"GARDENLINE&reg; Bienen- und Insektenhotel bei Aldi-S&uuml;d\" alt=\"GARDENLINE&reg; Bienen- und Insektenhotel bei Aldi-S&uuml;d\" src=\"https:\/\/i.imgur.com\/ox8TzDr.jpg\"><\/p>\n","protected":false},"excerpt":{"rendered":"<p>Kleiner Hinweis f\u00fcr alle Naturfreunde und Gartenbesitzer, die etwas f\u00fcr Bienen und Insekten tun wollen. Gerade habe ich gesehen, dass Aldi S\u00fcd ein GARDENLINE\u00ae Bienen- und Insektenhotel im Angebot hat.<\/p>\n","protected":false},"author":1,"featured_media":0,"comment_status":"open","ping_status":"open","sticky":false,"template":"","format":"standard","meta":{"footnotes":""},"categories":[1],"tags":[168],"class_list":["post-6303","post","type-post","status-publish","format-standard","hentry","category-allgemein","tag-allgemein"],"_links":{"self":[{"href":"https:\/\/borncity.eu\/senioren\/wp-json\/wp\/v2\/posts\/6303","targetHints":{"allow":["GET"]}}],"collection":[{"href":"https:\/\/borncity.eu\/senioren\/wp-json\/wp\/v2\/posts"}],"about":[{"href":"https:\/\/borncity.eu\/senioren\/wp-json\/wp\/v2\/types\/post"}],"author":[{"embeddable":true,"href":"https:\/\/borncity.eu\/senioren\/wp-json\/wp\/v2\/users\/1"}],"replies":[{"embeddable":true,"href":"https:\/\/borncity.eu\/senioren\/wp-json\/wp\/v2\/comments?post=6303"}],"version-history":[{"count":0,"href":"https:\/\/borncity.eu\/senioren\/wp-json\/wp\/v2\/posts\/6303\/revisions"}],"wp:attachment":[{"href":"https:\/\/borncity.eu\/senioren\/wp-json\/wp\/v2\/media?parent=6303"}],"wp:term":[{"taxonomy":"category","embeddable":true,"href":"https:\/\/borncity.eu\/senioren\/wp-json\/wp\/v2\/categories?post=6303"},{"taxonomy":"post_tag","embeddable":true,"href":"https:\/\/borncity.eu\/senioren\/wp-json\/wp\/v2\/tags?post=6303"}],"curies":[{"name":"wp","href":"https:\/\/api.w.org\/{rel}","templated":true}]}}