{"id":6847,"date":"2018-07-19T17:02:30","date_gmt":"2018-07-19T15:02:30","guid":{"rendered":"https:\/\/borncity.com\/senioren\/?p=6847"},"modified":"2018-07-19T17:02:30","modified_gmt":"2018-07-19T15:02:30","slug":"fake-turiner-grabtuch-gehrte-nicht-zu-jesus","status":"publish","type":"post","link":"https:\/\/borncity.eu\/senioren\/2018\/07\/19\/fake-turiner-grabtuch-gehrte-nicht-zu-jesus\/","title":{"rendered":"Fake: Turiner Grabtuch geh&ouml;rte nicht zu Jesus"},"content":{"rendered":"<p>Das <a href=\"https:\/\/de.wikipedia.org\/wiki\/Turiner_Grabtuch\" target=\"_blank\">Turiner Grabtuch<\/a> geh\u00f6rt zu den Reliquien, die von Menschen katholischen Glaubens als Totentuch von Jesus verehrt werden. Aber stimmt das wirklich? Hat Jesus in diesem Grabtuch gelegen \u2013 oder ist das nur eine fromme Legende?<\/p>\n<p><!--more--><\/p>\n<p>Das 4,36 Meter lange und 1,10 Meter breite Leinentuch zeigt scheinbar die Konturen eines Menschen samt einem b\u00e4rtigen Gesicht. Die ersten Erw\u00e4hnungen des Grabtuches, welches in Turin im Dom lagert, gehen auf das 14. Jahrhundert zur\u00fcck. Gemutma\u00dft wurde, dass es sich um eine geschickte F\u00e4lschung handeln k\u00f6nnte. <\/p>\n<p><a href=\"https:\/\/de.wikipedia.org\/wiki\/Turiner_Grabtuch#\/media\/File:Turin_shroud_negative-positive.JPG\" target=\"_blank\"><img decoding=\"async\" src=\"https:\/\/upload.wikimedia.org\/wikipedia\/commons\/d\/d6\/Turin_shroud_negative-positive.JPG\"><\/a><br \/>(Von \u05d0\u05e1\u05e3.\u05e6 &#8211; \u05d0\u05e0\u05d9 \u05e6\u05d9\u05dc\u05de\u05ea\u05d9 \u05d5\u05e2\u05e8\u05db\u05ea\u05d9, Gemeinfrei, Quelle: <a href=\"https:\/\/commons.wikimedia.org\/w\/index.php?curid=7093542\" target=\"_blank\">Wikipedia<\/a>)<\/p>\n<p>Wissenschaftler gingen dem schon lange gehegten Verdacht nach und haben die Blutflecke am Grabtuch nochmals analysiert. Mittels einer Puppe und Freiwilligen stellten die Wissenschaftler Blutfl\u00fcsse nach, wie sich bei den Verletzungen eines Gekreuzigten auftreten m\u00fcssten. Wie <a href=\"http:\/\/www.spiegel.de\/wissenschaft\/mensch\/turiner-grabtuch-gehoerte-wahrscheinlich-nicht-zu-jesus-a-1219120.html\" target=\"_blank\">hier<\/a> berichtet wird, sind die Blutmuster auf dem Grabtuch 'vollkommen unrealistisch'. Die Muster passen zwar zu einem K\u00f6rper, der aufrecht am Kreuz h\u00e4ngt. Nicht aber zu einem K\u00f6rper, der nach seinem Tod in das Tuch gelegt wurde und nachblutete. Das Ganze ist also eine F\u00e4lschung aus dem Mittelalter. Fr\u00fchere Untersuchungen hatten 1988 ergeben, dass das Tuch im Zeitraum 1260 und 1390 nach Christus gewebt worden war, also nicht vor 2.000 Jahren als Totentuch f\u00fcr den Leichnam von Jesus verwendet wurde. <\/p>\n","protected":false},"excerpt":{"rendered":"<p>Das Turiner Grabtuch geh\u00f6rt zu den Reliquien, die von Menschen katholischen Glaubens als Totentuch von Jesus verehrt werden. Aber stimmt das wirklich? Hat Jesus in diesem Grabtuch gelegen \u2013 oder ist das nur eine fromme Legende?<\/p>\n","protected":false},"author":1,"featured_media":0,"comment_status":"open","ping_status":"open","sticky":false,"template":"","format":"standard","meta":{"footnotes":""},"categories":[1],"tags":[168],"class_list":["post-6847","post","type-post","status-publish","format-standard","hentry","category-allgemein","tag-allgemein"],"_links":{"self":[{"href":"https:\/\/borncity.eu\/senioren\/wp-json\/wp\/v2\/posts\/6847","targetHints":{"allow":["GET"]}}],"collection":[{"href":"https:\/\/borncity.eu\/senioren\/wp-json\/wp\/v2\/posts"}],"about":[{"href":"https:\/\/borncity.eu\/senioren\/wp-json\/wp\/v2\/types\/post"}],"author":[{"embeddable":true,"href":"https:\/\/borncity.eu\/senioren\/wp-json\/wp\/v2\/users\/1"}],"replies":[{"embeddable":true,"href":"https:\/\/borncity.eu\/senioren\/wp-json\/wp\/v2\/comments?post=6847"}],"version-history":[{"count":0,"href":"https:\/\/borncity.eu\/senioren\/wp-json\/wp\/v2\/posts\/6847\/revisions"}],"wp:attachment":[{"href":"https:\/\/borncity.eu\/senioren\/wp-json\/wp\/v2\/media?parent=6847"}],"wp:term":[{"taxonomy":"category","embeddable":true,"href":"https:\/\/borncity.eu\/senioren\/wp-json\/wp\/v2\/categories?post=6847"},{"taxonomy":"post_tag","embeddable":true,"href":"https:\/\/borncity.eu\/senioren\/wp-json\/wp\/v2\/tags?post=6847"}],"curies":[{"name":"wp","href":"https:\/\/api.w.org\/{rel}","templated":true}]}}