{"id":7125,"date":"2018-08-31T10:06:29","date_gmt":"2018-08-31T08:06:29","guid":{"rendered":"https:\/\/borncity.com\/senioren\/?p=7125"},"modified":"2020-03-07T22:44:37","modified_gmt":"2020-03-07T21:44:37","slug":"eu-kommission-will-dauerhafte-sommerzeit-einfhren","status":"publish","type":"post","link":"https:\/\/borncity.eu\/senioren\/2018\/08\/31\/eu-kommission-will-dauerhafte-sommerzeit-einfhren\/","title":{"rendered":"EU-Kommission will dauerhafte Sommerzeit einf&uuml;hren"},"content":{"rendered":"<p>Seit vielen Jahren qu\u00e4len sich die Europ\u00e4er zwei Mal j\u00e4hrlich durch die Sommer-\/Winterzeit-Umstellung. Nachdem sich in einer EU-Umfrage die Mehrheit der EU-B\u00fcrger dauerhaft die Sommerzeit w\u00fcnscht, soll diese kommen. <\/p>\n<p><!--more--><\/p>\n<p>Eingef\u00fchrt wurde die Sommer-\/Winterzeit-Umstellung im vorigen Jahrhundert (in Deutschland 1980) aus angeblichen Energiespargr\u00fcnden. Diese Hoffnung hat sich aber nicht erf\u00fcllt. Immer wieder war deshalb in verschiedenen europ\u00e4ischen L\u00e4ndern die Abschaffung der Sommer-\/Winterzeit-Umstellung gefordert worden. Aber so etwas kann man nur EU-weit regeln. Die EU hatte die letzten Wochen eine Befragung der EU-B\u00fcrger zur Abschaffung dieser Zeitumstellung durchgef\u00fchrt. Das Ergebnis war eindeutig: Die \u00fcberwiegende Mehrheit (mehr als 80%) der 4,6 Millionen Teilnehmer ist gegen die Zeitumstellung und will die Sommerzeit dauerhaft (siehe <a href=\"https:\/\/web.archive.org\/web\/20190603205320\/https:\/\/www.zdf.de\/nachrichten\/heute\/eu-umfrage-bietet-rueckenwind-fuer-gegner-der-zeitumstellung-100.html\" target=\"_blank\" rel=\"noopener noreferrer\">diesen ZDN-Bericht<\/a>).<\/p>\n<p><img loading=\"lazy\" decoding=\"async\" src=\"https:\/\/images.pexels.com\/photos\/48770\/business-time-clock-clocks-48770.jpeg?auto=compress&amp;cs=tinysrgb&amp;dpr=2&amp;h=750&amp;w=1260\" width=\"668\" height=\"473\"><br \/>(Quelle: <a href=\"https:\/\/www.pexels.com\/de\/foto\/zeit-uhr-weiss-schwarz-48770\/\" target=\"_blank\" rel=\"noopener noreferrer\">Pexels\/Pixabay<\/a>, CCO Lizenz)<\/p>\n<p>Jetzt reagiert EU-Kommissionspr\u00e4sident Jean-Claude Junker. In einem <a href=\"https:\/\/web.archive.org\/web\/20200127223530\/https:\/\/www.zdf.de\/nachrichten\/heute\/sommerzeit-juncker-zuversichtlich-100.html\" target=\"_blank\" rel=\"noopener noreferrer\">ZDF-Beitrag<\/a> von heute morgen sagte Junker, er werde zuerst in der Kommission daf\u00fcr werben und \"das werden wir heute [in der EU-Kommission] beschlie\u00dfen\". Junker f\u00fchrte aus, dass es keinen Sinn mache, Menschen zu fragen, was sie denken, und das dann zu ignorieren. \"Die Menschen wollen das, wir machen das.\"<\/p>\n<p>Die Abschaffung der EU-Sommer-\/Winterzeit-Umstellung ist aber ein mehrstufiger Prozess. Nachdem die EU-Kommission das beschlossen hat, m\u00fcssen das EU-Parlament und dann die Mitgliedsstaaten ebenfalls die Abschaffung beschlie\u00dfen. Erst wenn die Abschaffung in nationalen Gesetzbl\u00e4ttern ver\u00f6ffentlicht wurde, ist die Zeitumstellung Geschichte.<\/p>\n<p>Scheitern k\u00f6nnte das Ganze aber noch daran, dass genau die Mitgliedstaaten der EU dieser Abschaffung die Zustimmung verweigern. Weitere Details finden sich in <a href=\"https:\/\/web.archive.org\/web\/20200127223530\/https:\/\/www.zdf.de\/nachrichten\/heute\/sommerzeit-juncker-zuversichtlich-100.html\" target=\"_blank\" rel=\"noopener noreferrer\">diesem ZDF-Beitrag<\/a>. <\/p>\n","protected":false},"excerpt":{"rendered":"<p>Seit vielen Jahren qu\u00e4len sich die Europ\u00e4er zwei Mal j\u00e4hrlich durch die Sommer-\/Winterzeit-Umstellung. Nachdem sich in einer EU-Umfrage die Mehrheit der EU-B\u00fcrger dauerhaft die Sommerzeit w\u00fcnscht, soll diese kommen.<\/p>\n","protected":false},"author":1,"featured_media":0,"comment_status":"open","ping_status":"open","sticky":false,"template":"","format":"standard","meta":{"footnotes":""},"categories":[1],"tags":[168],"class_list":["post-7125","post","type-post","status-publish","format-standard","hentry","category-allgemein","tag-allgemein"],"_links":{"self":[{"href":"https:\/\/borncity.eu\/senioren\/wp-json\/wp\/v2\/posts\/7125","targetHints":{"allow":["GET"]}}],"collection":[{"href":"https:\/\/borncity.eu\/senioren\/wp-json\/wp\/v2\/posts"}],"about":[{"href":"https:\/\/borncity.eu\/senioren\/wp-json\/wp\/v2\/types\/post"}],"author":[{"embeddable":true,"href":"https:\/\/borncity.eu\/senioren\/wp-json\/wp\/v2\/users\/1"}],"replies":[{"embeddable":true,"href":"https:\/\/borncity.eu\/senioren\/wp-json\/wp\/v2\/comments?post=7125"}],"version-history":[{"count":0,"href":"https:\/\/borncity.eu\/senioren\/wp-json\/wp\/v2\/posts\/7125\/revisions"}],"wp:attachment":[{"href":"https:\/\/borncity.eu\/senioren\/wp-json\/wp\/v2\/media?parent=7125"}],"wp:term":[{"taxonomy":"category","embeddable":true,"href":"https:\/\/borncity.eu\/senioren\/wp-json\/wp\/v2\/categories?post=7125"},{"taxonomy":"post_tag","embeddable":true,"href":"https:\/\/borncity.eu\/senioren\/wp-json\/wp\/v2\/tags?post=7125"}],"curies":[{"name":"wp","href":"https:\/\/api.w.org\/{rel}","templated":true}]}}