{"id":7404,"date":"2018-10-03T10:21:47","date_gmt":"2018-10-03T08:21:47","guid":{"rendered":"https:\/\/borncity.com\/senioren\/?p=7404"},"modified":"2023-11-21T07:57:38","modified_gmt":"2023-11-21T06:57:38","slug":"erinnerungen-an-die-wende-und-die-zeit-danach","status":"publish","type":"post","link":"https:\/\/borncity.eu\/senioren\/2018\/10\/03\/erinnerungen-an-die-wende-und-die-zeit-danach\/","title":{"rendered":"Erinnerungen an die Wende und die Zeit danach &hellip;"},"content":{"rendered":"<p>Heute begehen wir wieder einmal den 'Tag der deutschen Einheit'. Erinnert sich noch jemand da die Wochen und Monate vor der \u00d6ffnung der Grenzen? Wie wurde der historische Tag erlebt? Und wie war es kurz danach?<\/p>\n<p><!--more--><\/p>\n<p>Als im Westen geborener Einwohner Deutschlands erinnere ich mich noch an die Ereignisse in der <a href=\"https:\/\/web.archive.org\/web\/20230604212930\/https:\/\/www.planet-wissen.de\/geschichte\/ddr\/die_berliner_mauer\/pwiezufluchtpragerbotschaft100.html\" target=\"_blank\" rel=\"noopener\">Prager Botschaft<\/a> samt der <a href=\"https:\/\/de.wikipedia.org\/wiki\/Fl%C3%BCchtlingsz%C3%BCge_aus_Prag\" target=\"_blank\" rel=\"noopener\">Ausreise per Sonderzug<\/a> in den Westen, die <a href=\"https:\/\/de.wikipedia.org\/wiki\/Montagsdemonstrationen_1989\/1990_in_der_DDR\" target=\"_blank\" rel=\"noopener\">Montagsdemonstrationen<\/a> in Dresden sowie die Flucht \u00fcber die offene Grenze Ungarns nach Deutschland. Es wurde in den Medien berichtet. <\/p>\n<h2>Die Ereignisse \u00fcberst\u00fcrzen sich<\/h2>\n<p>Die Meldung \u00fcber die \u00d6ffnung der Grenze am 9. November 1989, allgemein als <a href=\"https:\/\/de.wikipedia.org\/wiki\/Berliner_Mauer\" target=\"_blank\" rel=\"noopener\">Mauerfall<\/a> (Fall der Berliner Mauer) ins Ged\u00e4chtnis eingegangen, habe ich im Rheingau mitbekommen. Wir waren auf einem F\u00fchrungskr\u00e4fteseminar und jemand schaltete das TV-Ger\u00e4t im Aufenthaltsraum des Hotels ein, um die Nachrichten zu sehen. Pl\u00f6tzlich kam die Botschaft aus der Pressekonferenz von G\u00fcnter Schabowski zur DDR-Reisereglung (siehe <a href=\"https:\/\/www.youtube.com\/watch?v=kZiAxgYY75Y\" target=\"_blank\" rel=\"noopener\">hier<\/a>). Und sp\u00e4ter kamen dann die Bilder von Menschen aus der DDR, die \u00fcber die offene Grenze nach West-Berlin kamen oder auf der Mauer sa\u00dfen.<\/p>\n<h2>Eigene Erinnerung, kurz nach der Wende<\/h2>\n<p>Sp\u00e4ter kam ich dann direkt mit den Folgen der Wende in Ber\u00fchrung. Ich arbeite in einem Betrieb der Gro\u00dfchemie und es kamen erste Bewerbungen von Menschen, die aus den \u00f6stlichen Bundesl\u00e4ndern in den Westen gefl\u00fcchtet waren. Ein junger Ingenieur geh\u00f6rte zu den ersten f\u00fcnf Familien, die per Trabi \u00fcber die offene Grenze in Ungarn nach \u00d6sterreich und dann nach Deutschland gefl\u00fcchtet waren. Das DDR-Regime hatte ihm quasi die Promotion in Jena unm\u00f6glich gemacht. Die Bewerber wurden eingestellt \u2013 man merkte zwar, dass die in einem anderen Umfeld sozialisiert wurden. Aber es waren prima Kollegen und Mitarbeiter, vor deren Mut und Willen, was zu \u00e4ndern, ich gro\u00dfen Respekt hatte.<\/p>\n<p>Danach folgten ein beruflich bedingter Besuch in einer Maschinenfabrik in Leipzig, zur Absch\u00e4tzung, ob etwas zu retten und zu erhalten w\u00e4re. Ich erinnere mich noch an die Taxi-Fahrt durch Leipzig. Als ich durch das Fenster schaute, sahen die H\u00e4userfluchten mit einigen Gesch\u00e4ften im Erdgeschoss ganz passabel aus. Ich dachte noch so bei mir 'so schlimm ist es doch gar nicht'. Dann beugte ich mich mit dem Kopf irgendwann ans Fenster, um mehr als die Erdgeschosse der Bauten zu sehen. Da kam der Schock: Im Erdgeschoss hatte man Spanplatten vor die Hausw\u00e4nde montiert und mit Farbe restauriert. Aber ab dem ersten Stock bis zum Dach br\u00f6ckelten die Fassaden. Insgesamt war diese Reise ein sehr deprimierendes Erlebnis, da dort sehr viel Verfall zu beobachten war und wir das besuchte Werk als ziemlich hoffnungslos und nicht zu retten ansehen mussten. <\/p>\n<p>Privat bin ich dann mit meiner Frau und meinen damals noch kleinen Kindern im Fr\u00fchling 1990 nach Eisennach gefahren und war begeistert, die Wartburg und die Stadt besuchen zu k\u00f6nnen. Aber auch hier die bittere Erkenntnis, das abseits der Hauptviertel, die von der Bausubstand noch sehr anschaulich und wohl zu DDR-Zeiten noch restauriert worden waren, in den Nebenstra\u00dfen fast alle Geb\u00e4ude im Zerfall begriffen waren. <\/p>\n<h2>Sp\u00e4tere Erinnerungen: Was war gut<\/h2>\n<p>In den Jahren seit dem Mauerfall und dem Anschluss der neuen Bundesl\u00e4nder an Westdeutschland habe ich so einige Gegenden in den \u00f6stlichen Bundesl\u00e4ndern besucht. Genial finde ich, dass jetzt allen Deutschen der Besuch der Ostsee-K\u00fcste m\u00f6glich ist. Ich habe mit meiner Frau sch\u00f6ne Urlaube auf R\u00fcgen, in K\u00fchlungsborn und Umgebung samt Stippvisite nach Usedom verbracht. Auch der Dar\u00df, samt dem 'Bonzendorf' Born, diente uns mehrfach als Urlaubsdomizil. <\/p>\n<p>Besuche in G\u00f6rlitz, als die Stadt bereits renoviert war, Stippvisiten nach Erfurt aber auch wandern in der s\u00e4chsischen Schweiz, Bastei, die historischen Geb\u00e4ude von Dresden sind sch\u00f6ne Erinnerungen. Und manchmal war es da, das Gef\u00fchl 'hier ist der auch von dir gezahlte Soli doch gut angelegt worden'. <\/p>\n<p>Abseits der doch manchmal etwas unterk\u00fchlten Bewohner im \u00d6rtchen Born habe ich sehr interessante Gespr\u00e4che mit ehemaligen DDR-B\u00fcrgern f\u00fchren k\u00f6nnen. Es gab die Personen, die sich als 'Wendeverlierer' sahen und alte Verh\u00e4ltnisse zur\u00fcck sehnten. Aber es gab auch im Osten viele Menschen, die mir sagten 'es ist manches schwieriger geworden, aber wir wollen nicht zur\u00fcck, die Freiheiten und M\u00f6glichkeiten, die wir heute haben, sind uns mehr wert`. <\/p>\n<p>Auch gro\u00dfartige K\u00f6pfe wie Jan Josef Liefers, Claudia Michelsen, Nadja Uhl, Manfred Krug sowie viele andere Schauspieler und K\u00fcnstler geh\u00f6ren f\u00fcr mich zu den Menschen, die nach der Wende gezeigt haben, dass man es schaffen kann. Man mag zu ihrer Politik stehen, wie man will, auch die Pfarrers-Tochter Angela Merkel, hat Deutschland stark gepr\u00e4gt. <\/p>\n<h2>Aber es gibt auch die Schatten<\/h2>\n<p>Leider wird dieses Bild von den im Osten stattfindenden rechtsradikalen Vorf\u00e4llen inzwischen stark getr\u00fcbt \u2013 diese Bereiche sind inzwischen ein No Go-Gebiet f\u00fcr mich. Mit Bedauern muss ich daher die ehemaligen B\u00fcrger der DDR inzwischen in zwei Gruppen unterteilen: Die Menschen, die das Leben in die Hand genommen haben und in Deutschland bzw. in der Gesellschaft angekommen sind. In dieser Gruppe sehe ich keine Menschen 2. Klasse. Und es gibt bedauerlicherweise die Menschen, die sich als 'Wendeverlierer' sehen, alles schlecht reden und sich selbst zum 'Opfer' stilisieren. <a href=\"https:\/\/de.wikipedia.org\/wiki\/Der_Turm_(2012)\" target=\"_blank\" rel=\"noopener\">Der Turm<\/a> mit Jan Josef Liefers beleuchtet im R\u00fcckblick wie es damals war (<a href=\"https:\/\/www.youtube.com\/watch?v=BfSGnaGqqJI\" target=\"_blank\" rel=\"noopener\">Video Teil 1<\/a>). Wer so etwas zur\u00fcck sehnt, muss in meinen Augen schon speziell sein oder sich selbst bel\u00fcgen. Wenn ich dann noch Leute im Alter von 30 Jahren in dieser Gruppe sehe, f\u00e4llt es mir sehr schwer, das zu verstehen. <\/p>\n<p>So habe ich pers\u00f6nlich sehr gemischte Gef\u00fchle an diesem Tag: Es gibt viel sch\u00f6nes, auf das man blicken kann, und ich wei\u00df auch, dass viele Leser meiner Werke aus den \u00f6stlichen Bundesl\u00e4ndern kommen. Aber es gibt auch Schatten, die nicht nicht weg zu diskutieren sind, und die ich sehr schade finde. Welche Gedanken hegen Sie an diesem Tag? Welche Erinnerungen an die Zeit kurz vor und nach der Wende gibt es? Wie stellt sich die Situation heute dar? <\/p>\n","protected":false},"excerpt":{"rendered":"<p>Heute begehen wir wieder einmal den 'Tag der deutschen Einheit'. Erinnert sich noch jemand da die Wochen und Monate vor der \u00d6ffnung der Grenzen? Wie wurde der historische Tag erlebt? Und wie war es kurz danach?<\/p>\n","protected":false},"author":1,"featured_media":0,"comment_status":"open","ping_status":"open","sticky":false,"template":"","format":"standard","meta":{"footnotes":""},"categories":[1],"tags":[168],"class_list":["post-7404","post","type-post","status-publish","format-standard","hentry","category-allgemein","tag-allgemein"],"_links":{"self":[{"href":"https:\/\/borncity.eu\/senioren\/wp-json\/wp\/v2\/posts\/7404","targetHints":{"allow":["GET"]}}],"collection":[{"href":"https:\/\/borncity.eu\/senioren\/wp-json\/wp\/v2\/posts"}],"about":[{"href":"https:\/\/borncity.eu\/senioren\/wp-json\/wp\/v2\/types\/post"}],"author":[{"embeddable":true,"href":"https:\/\/borncity.eu\/senioren\/wp-json\/wp\/v2\/users\/1"}],"replies":[{"embeddable":true,"href":"https:\/\/borncity.eu\/senioren\/wp-json\/wp\/v2\/comments?post=7404"}],"version-history":[{"count":1,"href":"https:\/\/borncity.eu\/senioren\/wp-json\/wp\/v2\/posts\/7404\/revisions"}],"predecessor-version":[{"id":23806,"href":"https:\/\/borncity.eu\/senioren\/wp-json\/wp\/v2\/posts\/7404\/revisions\/23806"}],"wp:attachment":[{"href":"https:\/\/borncity.eu\/senioren\/wp-json\/wp\/v2\/media?parent=7404"}],"wp:term":[{"taxonomy":"category","embeddable":true,"href":"https:\/\/borncity.eu\/senioren\/wp-json\/wp\/v2\/categories?post=7404"},{"taxonomy":"post_tag","embeddable":true,"href":"https:\/\/borncity.eu\/senioren\/wp-json\/wp\/v2\/tags?post=7404"}],"curies":[{"name":"wp","href":"https:\/\/api.w.org\/{rel}","templated":true}]}}