{"id":7436,"date":"2018-10-07T00:29:00","date_gmt":"2018-10-06T22:29:00","guid":{"rendered":"https:\/\/borncity.com\/senioren\/?p=7436"},"modified":"2024-12-07T19:15:14","modified_gmt":"2024-12-07T18:15:14","slug":"schatzsuche-iv-schwert-in-see-als-zufallsfund","status":"publish","type":"post","link":"https:\/\/borncity.eu\/senioren\/2018\/10\/07\/schatzsuche-iv-schwert-in-see-als-zufallsfund\/","title":{"rendered":"Schatzsuche IV: Schwert in schwedischem See als Zufallsfund"},"content":{"rendered":"<p>Und eine kleine Geschichte \u00fcber einen ungeplanten Fund eines arch\u00e4ologischen Schatzes. Ein 8 j\u00e4hriges M\u00e4dchen hat in einem See in Schweden ein 1.500 Jahre altes, und sehr gut erhaltenes Schwert 'gefischt'.<\/p>\n<p><!--more--><\/p>\n<h2>Variante 1 der Geschichte<\/h2>\n<p>Die Geschichte klingt wie eine R\u00e4uberpistole, ist aber wohl wahr. Saga Vanecek ist die achtj\u00e4hrige Tochter schwedisch-amerikanischer Eltern aus Minnesota. Diese sind k\u00fcrzlich nach Schweden gezogen. Das M\u00e4dchen schwamm und tauchte im schwedischen <a href=\"https:\/\/de.wikipedia.org\/wiki\/Vid%C3%B6stern\" target=\"_blank\" rel=\"noopener\">Vid\u00f6stern-See<\/a> (liegt in der s\u00fcdlichen Provinz Sm\u00e5land). Wegen des trockenen Sommers 2018 war der Wasserpegel recht niedrig.<\/p>\n<p>In ca. 50 cm Wassertiefe fand das Kind beim Tauchen, so Presseberichte, etwas, was sie f\u00fcr einen Stock hielt, aber aus dem Wasser zog und ihrem Vater zeigte. Gl\u00fccklicherweise brachte ein Freund der Familie den Vater darauf, dass er den Fund vielleicht ein arch\u00e4ologische Fundst\u00fcck sein k\u00f6nnte.<\/p>\n<blockquote class=\"twitter-tweet\" data-lang=\"de\">\n<p dir=\"ltr\" lang=\"en\">Meet Saga, an 8-year-old Swedish girl who went into a lake and pulled out an ancient viking sword and whom I will follow into battle anywhere, any time. ALL HAIL SAGA! <a href=\"https:\/\/t.co\/yqhenn4Fn2\">https:\/\/t.co\/yqhenn4Fn2<\/a> <a href=\"https:\/\/t.co\/3x6uzcs667\">pic.twitter.com\/3x6uzcs667<\/a><\/p>\n<p>\u2014 Kaleigh Rogers (@KaleighRogers) 4. Oktober 2018 (wurde gel\u00f6scht)<\/p><\/blockquote>\n<p><script async src=\"https:\/\/platform.twitter.com\/widgets.js\" charset=\"utf-8\"><\/script><\/p>\n<p>Die Familie brachte den Fund zum J\u00f6nk\u00f6ping L\u00e4ns Museum, wo es dann als Schwert aus der Eisenzeit, ca. 1.500 Jahre alt, bestimmt wurde.<\/p>\n<blockquote class=\"twitter-tweet\" data-lang=\"de\">\n<p dir=\"ltr\" lang=\"en\">8-year-old girl named Saga pulls out pre-Viking era sword from Sweden lake <a href=\"https:\/\/web.archive.org\/web\/20231222182809\/https:\/\/t.co\/3yJLrfWreR\">https:\/\/t.co\/3yJLrfWreR<\/a> \u2694\ufe0f <a href=\"https:\/\/t.co\/VEVOIWpirB\">pic.twitter.com\/VEVOIWpirB<\/a><\/p>\n<p>\u2014 ABC7 Eyewitness News (@ABC7) <a href=\"https:\/\/twitter.com\/ABC7\/status\/1048307390892802048?ref_src=twsrc%5Etfw\">5. Oktober 2018<\/a><\/p><\/blockquote>\n<p><script async src=\"https:\/\/platform.twitter.com\/widgets.js\" charset=\"utf-8\"><\/script><\/p>\n<p>Deutschsprachige Artikel finden sich <a href=\"https:\/\/derstandard.at\/2000088761195\/Maerchenhaft-Achtjaehriges-Maedchen-zieht-Schwert-aus-dem-See\" target=\"_blank\" rel=\"noopener\">hier<\/a>, <a href=\"https:\/\/web.archive.org\/web\/20181006132615\/http:\/\/www.general-anzeiger-bonn.de\/news\/panorama\/Achtj%C3%A4hrige-zieht-1500-Jahre-altes-Schwert-aus-See-article3955439.html\" target=\"_blank\" rel=\"noopener\">hier<\/a> und <a href=\"http:\/\/www.spiegel.de\/wissenschaft\/mensch\/schweden-achtjaehrige-findet-1500-jahre-altes-schwert-im-vidoestern-see-a-1231654.html\" target=\"_blank\" rel=\"noopener\">hier<\/a>, wobei jeder Beitrag seine eigene Facette hinzuf\u00fcgt. Der zweite Artikel verlinkt wenigstens auf die nachfolgende Variante auf Facebook, die von der Familie wiedergegeben wird.<\/p>\n<h2>Variante 2 der Geschichte<\/h2>\n<p>Ein englischsprachiger Eintrag des Vaters bei Facebook ist <a href=\"https:\/\/www.facebook.com\/andy.vanecek\/posts\/10155972788202061:0\" target=\"_blank\" rel=\"noopener\">hier abrufbar<\/a>, und erz\u00e4hlt eine etwas andere Geschichte.<\/p>\n<blockquote><p>Nur wenige Minuten vor dem Auftakt der Schlacht zwischen Frankreich und Kroatien bei der Fu\u00dfballweltmeisterschaft 2018 im Juli erinnerte man [gemeint ist der Vater] sich an einen m\u00f6glichen Kampf vor \u00fcber tausend Jahren. Es war der 15. Juli, als die 8-j\u00e4hrige Saga Vanecek auf etwas Besonderes im schlammigen Ton am Boden des Vid\u00f6sten-Sees in S\u00fcdschweden stie\u00df. Sie hob den Gegenstand auf, hob ihn hoch \u00fcber ihren Kopf und schrie, als w\u00e4re sie Pippi Langstrumpf, \"DADDY! ICH HABE EIN SCHWERT GEFUNDEN!\"<\/p>\n<p>Als sie es hoch hielt, verbog die Schwerkraft die zerbrechliche, \u00fcber tausend Jahre alte Waffe, und dann erkannte Sagas Vater, dass es sich tats\u00e4chlich um ein Schwert handelte. Am n\u00e4chsten Tag war eine Arch\u00e4ologin vor Ort, die G\u00e4nsehaut an den Armen bekam, als sie das Schwert fotografierte und es ins Wasser legte, um sicherzustellen, dass es sich nicht durch den ersten Aufenthalt in der Luft nach \u00fcber tausend Jahren zersetzt.<\/p><\/blockquote>\n<p>Das Schwert ist ca. 85 cm lang und verrostet, aber trotzdem gut erhalten. Es steckte in einer Scheide, von der noch Holz- und Lederreste \u00fcbrig waren. Damit ist das Schwert noch vor der Wikinger-Zeit (800 bis 1100 nach Christus) in den See gekommen. Fotos des Schwerts sind in <a href=\"https:\/\/jonkopingslansmuseum.se\/nyheter\/kategori\/arkeologi\/attaaring-fann-jarnalderssvard\/\" target=\"_blank\" rel=\"noopener\">dieser Mitteilung<\/a> des Museums, sowie in <a href=\"https:\/\/web.archive.org\/web\/20210410093429\/https:\/\/www.thelocal.se\/20181004\/eight-year-old-swedish-girl-pulls-1000-year-old-sword-from-lake\" target=\"_blank\" rel=\"noopener\">diesem Artikel<\/a> zu sehen.<\/p>\n<p><strong>\u00c4hnliche Artikel:<\/strong><br \/>\n<a href=\"https:\/\/borncity.eu\/senioren\/?p=7408\">Schatzsuche I: Die Pleite mit der Lok 'Rhein'<\/a><br \/>\n<a href=\"https:\/\/borncity.eu\/senioren\/?p=7414\">Schatzsuche II: Erfolg, Gold im Garten gefunden<\/a><br \/>\n<a href=\"https:\/\/borncity.eu\/senioren\/?p=7425\">Schatzsuche III: Fake, kein Gold gefunden<\/a><br \/>\n<a href=\"https:\/\/borncity.eu\/senioren\/?p=7425\">Schatzsuche IV: Schwert in schwedischem See als Zufallsfund<\/a><br \/>\n<a href=\"https:\/\/borncity.eu\/senioren\/2018\/10\/08\/schatzsuche-v-die-bronze-hand-aus-bern\/\" target=\"_blank\" rel=\"noopener\">Schatzsuche V: Die Bronze-Hand aus Bern<\/a><\/p>\n<p><a href=\"https:\/\/borncity.eu\/senioren\/2017\/05\/25\/ehering-nach-15-jahren-im-acker-gefunden\/\">Ehering nach 15 Jahren im Acker gefunden<\/a><br \/>\n<a href=\"https:\/\/borncity.eu\/senioren\/2016\/12\/18\/die-mhre-und-der-verschollene-ehering\/\">Die M\u00f6hre und der verschollene Ehering<\/a><br \/>\n<a href=\"https:\/\/borncity.eu\/senioren\/2018\/03\/22\/lange-reise-einer-deutschen-flaschenpost-nach-australien\/\">Lange Reise einer deutschen Flaschenpost nach Australien<\/a><br \/>\n<a href=\"https:\/\/borncity.eu\/senioren\/2017\/01\/19\/in-vietnam-gestohlene-canon-kamera-kommt-nach-50-jahren-zum-besitzer-zurck\/\">In Vietnam gestohlene Canon-Kamera kommt nach 50 Jahren zum Besitzer zur\u00fcck<\/a><br \/>\n<a href=\"https:\/\/borncity.eu\/senioren\/2018\/09\/04\/die-flaschenpost-von-1930-im-goslarer-dom\/\">Die 'Flaschenpost' von 1930 im Goslarer Dom<\/a><br \/>\n<a href=\"https:\/\/borncity.eu\/senioren\/2016\/10\/08\/ingrid-mller-und-die-40-jahre-alte-flaschenpost-fall-geklrt\/\">Ingrid M\u00fcller und die 40 Jahre alte Flaschenpost \u2013 Fall gekl\u00e4rt<\/a><br \/>\n<a href=\"https:\/\/borncity.eu\/senioren\/2017\/12\/08\/verlorene-kamera-schwimmt-von-england-auf-deutsche-hallig\/\">Verlorene Kamera schwimmt von England auf deutsche Hallig<\/a><\/p>\n","protected":false},"excerpt":{"rendered":"<p>Und eine kleine Geschichte \u00fcber einen ungeplanten Fund eines arch\u00e4ologischen Schatzes. Ein 8 j\u00e4hriges M\u00e4dchen hat in einem See in Schweden ein 1.500 Jahre altes, und sehr gut erhaltenes Schwert 'gefischt'.<\/p>\n","protected":false},"author":1,"featured_media":0,"comment_status":"open","ping_status":"open","sticky":false,"template":"","format":"standard","meta":{"footnotes":""},"categories":[1],"tags":[168],"class_list":["post-7436","post","type-post","status-publish","format-standard","hentry","category-allgemein","tag-allgemein"],"_links":{"self":[{"href":"https:\/\/borncity.eu\/senioren\/wp-json\/wp\/v2\/posts\/7436","targetHints":{"allow":["GET"]}}],"collection":[{"href":"https:\/\/borncity.eu\/senioren\/wp-json\/wp\/v2\/posts"}],"about":[{"href":"https:\/\/borncity.eu\/senioren\/wp-json\/wp\/v2\/types\/post"}],"author":[{"embeddable":true,"href":"https:\/\/borncity.eu\/senioren\/wp-json\/wp\/v2\/users\/1"}],"replies":[{"embeddable":true,"href":"https:\/\/borncity.eu\/senioren\/wp-json\/wp\/v2\/comments?post=7436"}],"version-history":[{"count":1,"href":"https:\/\/borncity.eu\/senioren\/wp-json\/wp\/v2\/posts\/7436\/revisions"}],"predecessor-version":[{"id":27227,"href":"https:\/\/borncity.eu\/senioren\/wp-json\/wp\/v2\/posts\/7436\/revisions\/27227"}],"wp:attachment":[{"href":"https:\/\/borncity.eu\/senioren\/wp-json\/wp\/v2\/media?parent=7436"}],"wp:term":[{"taxonomy":"category","embeddable":true,"href":"https:\/\/borncity.eu\/senioren\/wp-json\/wp\/v2\/categories?post=7436"},{"taxonomy":"post_tag","embeddable":true,"href":"https:\/\/borncity.eu\/senioren\/wp-json\/wp\/v2\/tags?post=7436"}],"curies":[{"name":"wp","href":"https:\/\/api.w.org\/{rel}","templated":true}]}}