{"id":8110,"date":"2018-12-16T00:13:00","date_gmt":"2018-12-15T23:13:00","guid":{"rendered":"https:\/\/borncity.com\/senioren\/?p=8110"},"modified":"2021-10-17T23:44:57","modified_gmt":"2021-10-17T21:44:57","slug":"wltp-test-lsst-kfz-steuer-steigen","status":"publish","type":"post","link":"https:\/\/borncity.eu\/senioren\/2018\/12\/16\/wltp-test-lsst-kfz-steuer-steigen\/","title":{"rendered":"WLTP-Test l&auml;sst KFZ-Steuer steigen"},"content":{"rendered":"<p>Bei Kraftfahrzeugen wird ab dem 1. September 2017 ein neuer WLTP-Test zur Bestimmung der Abgasemissionen verwendet. Durch den Test ergeben sich realistischere Werte f\u00fcr den Kraftstoffverbrauch, aber auch h\u00f6here CO2-Emissionswerte. Das f\u00fchrt zu h\u00f6herer KFZ-Steuern. <\/p>\n<p><!--more--><\/p>\n<p>Das K\u00fcrzel WLTP steht f\u00fcr 'Worldwide harmonized Light vehicles Test Procedure', ein Textverfahren zur Bestimmung von Abgasemissionen bei Kraftfahrzeugen. Der Test wurden von Experten der EU, Japan, USA und Indien definiert. Das <a href=\"https:\/\/de.wikipedia.org\/wiki\/Worldwide_harmonized_Light_vehicles_Test_Procedure\" target=\"_blank\" rel=\"noopener\">WLTP-Testverfahren<\/a> ist seit 1. September 2017 in der Europ\u00e4ischen Union eingef\u00fchrt und gilt f\u00fcr Personenkraftfahrzeuge und leichte Nutzfahrzeuge. <\/p>\n<p><img decoding=\"async\" title=\"VW-K&auml;fer\" alt=\"VW-K&auml;fer\" src=\"https:\/\/borncity.eu\/senioren\/wp-content\/uploads\/2023\/05\/FsKkrZe.jpg\"><br \/>(Quelle: Pexels <a href=\"https:\/\/www.pexels.com\/u\/weekendplayer\/\">Burak Kebapci<\/a> CC0 License) <\/p>\n<p>Ziel ist es, gleiche Bedingungen im Hinblick auf die Ermittlung von Abgaswerten f\u00fcr alle Anbieter herzustellen, die Fahrzeuge in den jeweiligen WLTP-L\u00e4ndern anbieten. Der Verband der Automobilindustrie hat <a href=\"https:\/\/web.archive.org\/web\/20210119090552\/https:\/\/www.vda.de\/de\/themen\/umwelt-und-klima\/WLTP-realitaetsnaehere-Ergebnisse-beim-Kraftstoffverbrauch\/WLTP-Wieso-ein-neues-Testverfahren.html\" target=\"_blank\" rel=\"noopener\">hier<\/a> einige Informationen zum WLTP-Test ver\u00f6ffentlicht. <\/p>\n<blockquote class=\"twitter-tweet\" data-lang=\"de\">\n<p lang=\"de\" dir=\"ltr\">WLTP und die Folgen: Kfz-Steuern steigen mit neuer Messmethode deutlich<br \/>VERSUS Automobilindustrie hat den Staat bislang um Steuern und den Verbraucher um 21% bei den Verbrauchs- und Emissionswerten betrogen <a href=\"https:\/\/twitter.com\/etguenni?ref_src=twsrc%5Etfw\">@etguenni<\/a> <a href=\"https:\/\/twitter.com\/BMJV_Bund?ref_src=twsrc%5Etfw\">@BMJV_Bund<\/a> <a href=\"https:\/\/twitter.com\/vzbv?ref_src=twsrc%5Etfw\">@vzbv<\/a><a href=\"https:\/\/t.co\/fxtFfgCBvd\">https:\/\/t.co\/fxtFfgCBvd<\/a><\/p>\n<p>\u2014 al Qamar (@Karl_F1_Fan) <a href=\"https:\/\/twitter.com\/Karl_F1_Fan\/status\/1073896605403750405?ref_src=twsrc%5Etfw\">15. Dezember 2018<\/a><\/p><\/blockquote>\n<p><script async src=\"https:\/\/platform.twitter.com\/widgets.js\" charset=\"utf-8\"><\/script>  <\/p>\n<p>Was gut ist: Durch den WLTP-Test kommt man auf realistischere Verbrauchswerte f\u00fcr Kraftstoffe. Aber durch den h\u00f6heren Verbrauch ergibt sich auch ein h\u00f6herer CO2-Aussto\u00df \u2013 und damit in Deutschland eine h\u00f6here KFZ-Steuer. Das betrifft Fahrzeuge, die ab dem 1. September 2018 neu zugelassen werden. Obige Meldung auf Twitter weist auf einen Artikel des Handelsblatts hin, der sich mit diesem Thema befasst. <\/p>\n","protected":false},"excerpt":{"rendered":"<p>Bei Kraftfahrzeugen wird ab dem 1. September 2017 ein neuer WLTP-Test zur Bestimmung der Abgasemissionen verwendet. Durch den Test ergeben sich realistischere Werte f\u00fcr den Kraftstoffverbrauch, aber auch h\u00f6here CO2-Emissionswerte. Das f\u00fchrt zu h\u00f6herer KFZ-Steuern.<\/p>\n","protected":false},"author":1,"featured_media":0,"comment_status":"open","ping_status":"open","sticky":false,"template":"","format":"standard","meta":{"footnotes":""},"categories":[655],"tags":[103],"class_list":["post-8110","post","type-post","status-publish","format-standard","hentry","category-technik","tag-technik"],"_links":{"self":[{"href":"https:\/\/borncity.eu\/senioren\/wp-json\/wp\/v2\/posts\/8110","targetHints":{"allow":["GET"]}}],"collection":[{"href":"https:\/\/borncity.eu\/senioren\/wp-json\/wp\/v2\/posts"}],"about":[{"href":"https:\/\/borncity.eu\/senioren\/wp-json\/wp\/v2\/types\/post"}],"author":[{"embeddable":true,"href":"https:\/\/borncity.eu\/senioren\/wp-json\/wp\/v2\/users\/1"}],"replies":[{"embeddable":true,"href":"https:\/\/borncity.eu\/senioren\/wp-json\/wp\/v2\/comments?post=8110"}],"version-history":[{"count":0,"href":"https:\/\/borncity.eu\/senioren\/wp-json\/wp\/v2\/posts\/8110\/revisions"}],"wp:attachment":[{"href":"https:\/\/borncity.eu\/senioren\/wp-json\/wp\/v2\/media?parent=8110"}],"wp:term":[{"taxonomy":"category","embeddable":true,"href":"https:\/\/borncity.eu\/senioren\/wp-json\/wp\/v2\/categories?post=8110"},{"taxonomy":"post_tag","embeddable":true,"href":"https:\/\/borncity.eu\/senioren\/wp-json\/wp\/v2\/tags?post=8110"}],"curies":[{"name":"wp","href":"https:\/\/api.w.org\/{rel}","templated":true}]}}