{"id":8625,"date":"2019-03-01T21:56:09","date_gmt":"2019-03-01T20:56:09","guid":{"rendered":"https:\/\/borncity.com\/senioren\/?p=8625"},"modified":"2019-03-01T21:56:09","modified_gmt":"2019-03-01T20:56:09","slug":"ist-ja-bald-frhling-aber-wann","status":"publish","type":"post","link":"https:\/\/borncity.eu\/senioren\/2019\/03\/01\/ist-ja-bald-frhling-aber-wann\/","title":{"rendered":"Ist ja bald Fr&uuml;hling, aber wann?"},"content":{"rendered":"<p>Es ist unbestreitbar, der Fr\u00fchling kommt. Krokusse bl\u00fchen und es wird schon mal warm. Seit Wochen ziehen Kraniche \u00fcber unseren Ort, auf dem Weg nach Norden. Aber wann ist eigentlich genau Fr\u00fchlingsanfang und welcher ist gemeint? Denn es gibt einen kalendarischen und einen meteorologischen Fr\u00fchlingsanfang. Und der ph\u00e4nologischer Fr\u00fchling ist auch noch da. <\/p>\n<p><!--more--><\/p>\n<p>Der kalendarische Fr\u00fchlingsanfang ist zur Tag- und Nachtgleiche, am 20. M\u00e4rz 2019. Der meteorologische Fr\u00fchlingsanfang liegt dagegen auf dem 1. M\u00e4rz. Und der ph\u00e4nologischer Fr\u00fchling hat gar keinen festen Termin (Ph\u00e4nologie \u2013 griechisch f\u00fcr \"Lehre von den Erscheinungen\"). Dieser l\u00e4sst sich an den Pflanzen im Garten oder an Tieren ablesen, wie <a href=\"https:\/\/www.t-online.de\/leben\/id_80671922\/fruehlingsanfang-2019-wann-beginnt-das-fruehjahr-.html\" target=\"_blank\" rel=\"noopener noreferrer\">hier<\/a> dargestellt ist. Das nachfolgende Video fasst das Ganze nochmals zusammen.<\/p>\n<blockquote class=\"twitter-tweet\" data-lang=\"de\">\n<p lang=\"de\" dir=\"ltr\">Webvideo: Wann ist jetzt eigentlich welcher Fr\u00fchlingsanfang? <br \/>Meteorologischer? <br \/>Astronomischer? <br \/>Ph\u00e4nologischer? <a href=\"https:\/\/t.co\/Qcc5QJmFdK\">pic.twitter.com\/Qcc5QJmFdK<\/a><\/p>\n<p>\u2014 DW Wissenschaft (@dw_wissenschaft) <a href=\"https:\/\/twitter.com\/dw_wissenschaft\/status\/1101420182487162882?ref_src=twsrc%5Etfw\">1. M\u00e4rz 2019<\/a><\/p><\/blockquote>\n<p><script async src=\"https:\/\/platform.twitter.com\/widgets.js\" charset=\"utf-8\"><\/script>  <\/p>\n<p>Noch ist die Pflaumenbl\u00fcte nicht in Sicht \u2013 das d\u00fcrfte noch gut 4 Wochen dauern \u2013 aber die Mandelb\u00e4ume k\u00f6nnten bald in warmen Lagen bl\u00fchen.<\/p>\n<p><img decoding=\"async\" title=\"Pflaumenbl&uuml;te 2018\" alt=\"Pflaumenbl&uuml;te 2018\" src=\"https:\/\/i.imgur.com\/6iWznqe.jpg\"><br \/>Pflaumenbl\u00fcte 2018 <\/p>\n<p><strong>\u00c4hnliche Artikel:<\/strong><br \/><a href=\"https:\/\/borncity.eu\/senioren\/2016\/04\/12\/wild-auf-frhling-ein-paar-impressionen\/\">Wild auf Fr\u00fchling? Ein paar Impressionen \u2026<\/a><br \/><a href=\"https:\/\/borncity.eu\/senioren\/2017\/03\/05\/frhlingserwachen-im-garten\/\">Fr\u00fchlingserwachen im Garten<\/a><br \/><a href=\"https:\/\/borncity.eu\/senioren\/2017\/03\/15\/frhlingsboten\/\">Fr\u00fchlingsboten<\/a><br \/><a href=\"https:\/\/borncity.eu\/senioren\/2017\/03\/25\/lust-auf-frhling-i-wilde-pflaumenblte\/\">Lust auf Fr\u00fchling I \u2013 Wilde Pflaumenbl\u00fcte<\/a><br \/><a href=\"https:\/\/borncity.eu\/senioren\/2018\/03\/14\/frhlingsboten-erste-kraniche-holegns-im-anflug\/\">Fr\u00fchlingsboten: Erste Kraniche (Holeg\u00e4ns) im Anflug<\/a><br \/><a href=\"https:\/\/borncity.eu\/senioren\/2018\/03\/23\/frhling-kirschblte-in-china\/\">Fr\u00fchling: Kirschbl\u00fcte in China<\/a><br \/><a href=\"https:\/\/borncity.eu\/senioren\/2017\/05\/27\/magnolie-zweiter-frhling\/\">Magnolie: Zweiter Fr\u00fchling?<\/a><br \/><a href=\"https:\/\/borncity.eu\/senioren\/2017\/04\/20\/blhende-apfelbume\/\">Bl\u00fchende Apfelb\u00e4ume<\/a><br \/><a href=\"https:\/\/borncity.eu\/senioren\/2017\/04\/10\/brlauch-so-lsst-er-sich-aufheben\/\">B\u00e4rlauch, ein feines Wildgem\u00fcse im Fr\u00fchjahr<\/a><br \/><a href=\"https:\/\/borncity.eu\/senioren\/2017\/04\/06\/frhlingstipp-wiesenschaumkraut-essbare-blten\/\">Fr\u00fchlingstipp: Wiesenschaumkraut \u2013 essbare Bl\u00fcten<\/a><br \/><a href=\"https:\/\/borncity.eu\/senioren\/2017\/04\/05\/heuschnupfen-pollenalarm-fr-allergiker\/\">Heuschnupfen, Pollenalarm f\u00fcr Allergiker<\/a><\/p>\n","protected":false},"excerpt":{"rendered":"<p>Es ist unbestreitbar, der Fr\u00fchling kommt. Krokusse bl\u00fchen und es wird schon mal warm. Seit Wochen ziehen Kraniche \u00fcber unseren Ort, auf dem Weg nach Norden. Aber wann ist eigentlich genau Fr\u00fchlingsanfang und welcher ist gemeint? Denn es gibt einen &hellip; <a href=\"https:\/\/borncity.eu\/senioren\/2019\/03\/01\/ist-ja-bald-frhling-aber-wann\/\">Weiterlesen <span class=\"meta-nav\">&rarr;<\/span><\/a><\/p>\n","protected":false},"author":1,"featured_media":0,"comment_status":"open","ping_status":"open","sticky":false,"template":"","format":"standard","meta":{"footnotes":""},"categories":[13],"tags":[119],"class_list":["post-8625","post","type-post","status-publish","format-standard","hentry","category-natur","tag-natur"],"_links":{"self":[{"href":"https:\/\/borncity.eu\/senioren\/wp-json\/wp\/v2\/posts\/8625","targetHints":{"allow":["GET"]}}],"collection":[{"href":"https:\/\/borncity.eu\/senioren\/wp-json\/wp\/v2\/posts"}],"about":[{"href":"https:\/\/borncity.eu\/senioren\/wp-json\/wp\/v2\/types\/post"}],"author":[{"embeddable":true,"href":"https:\/\/borncity.eu\/senioren\/wp-json\/wp\/v2\/users\/1"}],"replies":[{"embeddable":true,"href":"https:\/\/borncity.eu\/senioren\/wp-json\/wp\/v2\/comments?post=8625"}],"version-history":[{"count":0,"href":"https:\/\/borncity.eu\/senioren\/wp-json\/wp\/v2\/posts\/8625\/revisions"}],"wp:attachment":[{"href":"https:\/\/borncity.eu\/senioren\/wp-json\/wp\/v2\/media?parent=8625"}],"wp:term":[{"taxonomy":"category","embeddable":true,"href":"https:\/\/borncity.eu\/senioren\/wp-json\/wp\/v2\/categories?post=8625"},{"taxonomy":"post_tag","embeddable":true,"href":"https:\/\/borncity.eu\/senioren\/wp-json\/wp\/v2\/tags?post=8625"}],"curies":[{"name":"wp","href":"https:\/\/api.w.org\/{rel}","templated":true}]}}