{"id":8873,"date":"2019-04-10T00:54:00","date_gmt":"2019-04-09T22:54:00","guid":{"rendered":"https:\/\/borncity.com\/senioren\/?p=8873"},"modified":"2019-04-09T19:34:24","modified_gmt":"2019-04-09T17:34:24","slug":"frhling-pflaumen-und-kirschbaumblte","status":"publish","type":"post","link":"https:\/\/borncity.eu\/senioren\/2019\/04\/10\/frhling-pflaumen-und-kirschbaumblte\/","title":{"rendered":"Fr&uuml;hling: Pflaumen- und Kirschbaumbl&uuml;te"},"content":{"rendered":"<p><img decoding=\"async\" title=\"Kirschbl&uuml;te\" style=\"float: left; margin: 0px 10px 0px 0px; display: inline\" alt=\"Kirschbl&uuml;te\" src=\"https:\/\/gborn.files.wordpress.com\/2016\/04\/zierkirsche-klein.jpg\" align=\"left\">Es ist wieder Fr\u00fchling, die wilden Pflaumenb\u00fcsche stehen seit Wochen in wei\u00dfer Bl\u00fctenpracht. Und auch die Forsytien leuchten goldgelb in unseren G\u00e4rten. Magnolienb\u00e4ume stehen in voller Bl\u00fcte, werden in wenigen Tagen aber ihre Bl\u00fctenbl\u00e4tter abwerfen. Und die ersten Kirschb\u00e4ume zeigen ihre wei\u00dfe Bl\u00fctenpracht \u2013 selbst einen Apfelbaum mit Bl\u00fcten habe ich gestern bereits gesehen. <\/p>\n<p><!--more--><\/p>\n<p>Unzweifelhaft: Der Fr\u00fchling 2019 hat begonnen. Es ist f\u00fcr mich die sch\u00f6nste Zeit des Jahres, wenn ich auch durch Pollen etwas in Mitleidenschaft gezogen werde. Seit 14 Tagen kann ich die Pflaumenbl\u00fcte bei Spazierg\u00e4ngen beobachten. Dieses Exemplar steht an einem Feldweg, an dem ich h\u00e4ufiger bei Spazierg\u00e4ngen oder am Samstag auf dem R\u00fcckweg vom B\u00e4cker vorbei komme. <\/p>\n<p><img decoding=\"async\" title=\"Pflaumenbl&uuml;te\" alt=\"Pflaumenbl&uuml;te\" src=\"https:\/\/i.imgur.com\/FVCw3pE.jpg\"><\/p>\n<p>Aber auch die Zeit der Kirschbl\u00fcte ist nun gekommen. Waren es letzte Woche nur erste Bl\u00fcten japanischer Zierkirschen, die rosa leuchteten, kommen jetzt auch die wei\u00dfen Bl\u00fcten fr\u00fch bl\u00fchender Kirschbaumsorten zum Vorschein. Hier die rosa Bl\u00fcten eines solchen Zierkirschbaums in unserem Ort. <\/p>\n<p><img decoding=\"async\" title=\"Zierkirsche Bl&uuml;te 2019\" alt=\"Zierkirsche Bl&uuml;te 2019\" src=\"https:\/\/i.imgur.com\/jQxbiuz.jpg\"><\/p>\n<p>Die folgende Aufnahme ist bereits fasst 10 Tage alt. Im Vordergrund beginnt ein Kirschbaum zu bl\u00fchen (es ist eine fr\u00fche Sorte, dessen Fr\u00fcchte einen im Sommer als erstes anlachen). Als ich an einem Samstag vor vorigem Wochende vorbei kam, waren erst Bl\u00fcten gerade zu sehen. Am Sonntag stand der Baum bereits in voller Bl\u00fcte. Und im Hintergrund ist eine bl\u00fchende Zierkirsche mit den rosa Bl\u00fcten zu sehen.<\/p>\n<p><img decoding=\"async\" title=\"Kirschbl&uuml;te 2019\" alt=\"Kirschbl&uuml;te 2019\" src=\"https:\/\/i.imgur.com\/5vUB3IL.jpg\"><\/p>\n<p>In dieser Zeit werde ich immer an meine Zeit in Japan erinnert, wo die Kirschbl\u00fcte ein besonderes Ereignis ist. Dort wandert die Kirschbl\u00fcte \u00fcber viele Wochen von den s\u00fcdlichen Inseln nach Norden und wird von den lokalen Medien kommentiert. Ich hatte als junger Ingenieur bei mehreren Arbeitsaufenthalten in Japan ein Mal die Gelegenheit, diese Zeit mit zu erleben. Ganz Japan pilgert dann kollektiv in die Parks, um die Kirschbl\u00fcte zu erleben und zu feiern. Ein paar Impressionen von der Zeit der Kirschbl\u00fcte habe ich in meinem Japan-Blog in den Beitr\u00e4gen <a href=\"http:\/\/borncity.com\/japan\/2015\/06\/27\/kirschblte-in-japan-i\/\" target=\"_blank\" rel=\"noopener noreferrer\">Kirschbl\u00fcte in Japan \u2013 I<\/a> und <a href=\"http:\/\/borncity.com\/japan\/2015\/11\/18\/kirschblte-in-japan-ii\/\" target=\"_blank\" rel=\"noopener noreferrer\">Kirschbl\u00fcte in Japan \u2013 II<\/a> verarbeitet. Auch SPON und ZON haben das Thema Kirschbl\u00fcte in Artikeln (<a href=\"https:\/\/www.spiegel.de\/fotostrecke\/kirschbluete-rund-um-die-welt-pretty-in-pink-fotostrecke-167755.html\" target=\"_blank\" rel=\"noopener noreferrer\">hier<\/a>, <a href=\"https:\/\/www.spiegel.de\/panorama\/gesellschaft\/bonn-kirschbluete-ist-ein-rosa-selfietraum-a-1261756.html\" target=\"_blank\" rel=\"noopener noreferrer\">hier<\/a> und <a href=\"https:\/\/www.zeit.de\/entdecken\/2019-03\/kirschblueten-schoenheit-vergaenglichkeit-natur-fs\" target=\"_blank\" rel=\"noopener noreferrer\">hier<\/a>) aufgegriffen. <\/p>\n<p>Ich finde es einfach genial. Voriges Wochenende habe ich das erste Wiesenschaumkraut, dessen Bl\u00fcten \u00fcbrigens essbar und sehr bek\u00f6mmlich sind (siehe <a href=\"https:\/\/borncity.eu\/senioren\/2017\/04\/06\/frhlingstipp-wiesenschaumkraut-essbare-blten\/\">Fr\u00fchlingstipp: Wiesenschaumkraut \u2013 essbare Bl\u00fcten<\/a>) gefunden. Auch L\u00f6wenzahn bl\u00fcht schon und in meinem Garten wuchert der B\u00e4rlauch in Mengen. Ach ja, die Frankfurter lieben es \u2013 es gibt schon wieder gr\u00fcne So\u00dfe \u2013 einfach herrlich, dieser Fr\u00fchling. <\/p>\n","protected":false},"excerpt":{"rendered":"<p>Es ist wieder Fr\u00fchling, die wilden Pflaumenb\u00fcsche stehen seit Wochen in wei\u00dfer Bl\u00fctenpracht. Und auch die Forsytien leuchten goldgelb in unseren G\u00e4rten. Magnolienb\u00e4ume stehen in voller Bl\u00fcte, werden in wenigen Tagen aber ihre Bl\u00fctenbl\u00e4tter abwerfen. Und die ersten Kirschb\u00e4ume zeigen &hellip; <a href=\"https:\/\/borncity.eu\/senioren\/2019\/04\/10\/frhling-pflaumen-und-kirschbaumblte\/\">Weiterlesen <span class=\"meta-nav\">&rarr;<\/span><\/a><\/p>\n","protected":false},"author":1,"featured_media":0,"comment_status":"open","ping_status":"open","sticky":false,"template":"","format":"standard","meta":{"footnotes":""},"categories":[13],"tags":[119],"class_list":["post-8873","post","type-post","status-publish","format-standard","hentry","category-natur","tag-natur"],"_links":{"self":[{"href":"https:\/\/borncity.eu\/senioren\/wp-json\/wp\/v2\/posts\/8873","targetHints":{"allow":["GET"]}}],"collection":[{"href":"https:\/\/borncity.eu\/senioren\/wp-json\/wp\/v2\/posts"}],"about":[{"href":"https:\/\/borncity.eu\/senioren\/wp-json\/wp\/v2\/types\/post"}],"author":[{"embeddable":true,"href":"https:\/\/borncity.eu\/senioren\/wp-json\/wp\/v2\/users\/1"}],"replies":[{"embeddable":true,"href":"https:\/\/borncity.eu\/senioren\/wp-json\/wp\/v2\/comments?post=8873"}],"version-history":[{"count":0,"href":"https:\/\/borncity.eu\/senioren\/wp-json\/wp\/v2\/posts\/8873\/revisions"}],"wp:attachment":[{"href":"https:\/\/borncity.eu\/senioren\/wp-json\/wp\/v2\/media?parent=8873"}],"wp:term":[{"taxonomy":"category","embeddable":true,"href":"https:\/\/borncity.eu\/senioren\/wp-json\/wp\/v2\/categories?post=8873"},{"taxonomy":"post_tag","embeddable":true,"href":"https:\/\/borncity.eu\/senioren\/wp-json\/wp\/v2\/tags?post=8873"}],"curies":[{"name":"wp","href":"https:\/\/api.w.org\/{rel}","templated":true}]}}