{"id":8923,"date":"2019-04-23T00:15:00","date_gmt":"2019-04-22T22:15:00","guid":{"rendered":"https:\/\/borncity.com\/senioren\/?p=8923"},"modified":"2020-10-06T13:19:59","modified_gmt":"2020-10-06T11:19:59","slug":"tv-bedingte-demenz-gibt-es-das","status":"publish","type":"post","link":"https:\/\/borncity.eu\/senioren\/2019\/04\/23\/tv-bedingte-demenz-gibt-es-das\/","title":{"rendered":"TV-bedingte Demenz, gibt es das?"},"content":{"rendered":"<p><img loading=\"lazy\" decoding=\"async\" title=\"Gesundheit\" style=\"float: left; margin: 0px 10px 0px 0px; display: inline\" border=\"0\" alt=\"Gesundheit\" src=\"https:\/\/www.borncity.com\/blog\/wp-content\/uploads\/2016\/06\/Gesundheit-2.jpg\" width=\"60\" align=\"left\" height=\"56\">Guck nicht so viel Fernsehen, das macht dumm, pflegte meine Oma immer zu uns Kindern zu sagen. Aber ist das was dran? Kann zu viel TV-Konsum dumm machen oder eine Demenz bef\u00f6rdern? Eine Studie sagt ja. <\/p>\n<p><!--more--><\/p>\n<p>Die Deutsche Gesellschaft f\u00fcr Neurologie hat die Ergebnisse aus einer, in Gro\u00dfbritannien durchgef\u00fchrten Studie, k\u00fcrzlich ver\u00f6ffentlicht. Auf einen Nenner gebracht: Die Studie aus Gro\u00dfbritannien zeigte, dass ein hoher TV-Konsum von t\u00e4glich mehr als 3,5 Stunden bei \u00fcber 50-J\u00e4hrigen zum Abbau des verbalen Ged\u00e4chtnisses f\u00fchrt. <\/p>\n<ul>\n<li>Beobachtet wurden 3.590 Studienteilnehmer, die zu Beginn der Studie \u00fcber 50 Jahre alt waren (das durchschnittliche Alter betrug 67 Jahre) und keine Demenz aufwiesen. <\/li>\n<li>Nach sechs Jahren wurden sie im Hinblick auf ihre kognitiven F\u00e4higkeiten untersucht und zu ihren Fernsehzeiten befragt. <\/li>\n<\/ul>\n<p>Es zeigte sich ein \u201edosisabh\u00e4ngiger\" Effekt: je mehr TV ein Teilnehmer schaute, desto mehr hatte das verbale Ged\u00e4chtnis im Vergleich zum Ausgangswert abgebaut. Die kritische Schwelle waren 3,5 Stunden Fernsehkonsum pro Tag, weniger wirkte sich nicht aus.<\/p>\n<h2>Ergebnisse statistisch bedeutsam<\/h2>\n<p>Dieses Ergebnis hatte auch noch Bestand und blieb statistisch signifikant, nachdem bestimmte Einflussfaktoren wie demographische Gr\u00f6\u00dfen (Geschlecht, Alter, Beziehungsstatus, sozialer Stand, Berufsleben\/Rente) und gesundheitliche Daten (Vorliegen einer Depression oder Gef\u00e4\u00dferkrankungen, Tabak- und Alkoholkonsum) herausgerechnet worden waren. <\/p>\n<p>Die Forscher korrigierten die Befunde auch gegen das Sitzen, also den Bewegungsmangel von Menschen, die viel Fernsehen schauen \u2013 und selbst dann blieb das Ergebnis robust. Der Abbau des verbalen Ged\u00e4chtnisses kann also nicht allein mit Bewegungsmangel erkl\u00e4rt werden. <\/p>\n<h2>Fr\u00fchere Studie<\/h2>\n<p>Bereits fr\u00fcher hat es Studien gegeben, die zeigten, dass viel Fernsehen mit einem kognitiven Abbau einhergeht, aber andere sitzende Freizeitbesch\u00e4ftigungen wie z. B. im Internet surfen nicht. Forscher hatten das mit der hohen Stimulanz und dem schnellen Wechsel von Sinneswahrnehmungen (Sehen und H\u00f6ren) und der gleichzeitigen Passivit\u00e4t der Zuschauer erkl\u00e4rt, die dem Fernsehschauen eigen ist.<\/p>\n<p>Interessanterweise war aber nur das verbale Ged\u00e4chtnis vom TV-Konsum-bedingen Abbau betroffen, nicht die Wortfl\u00fcssigkeit (\u201esemantic fluency\"), die z. B. bei Alzheimerpatienten ebenfalls stark reduziert ist. <\/p>\n<p>\u201eVerschiedene Studien hatten die These aufgestellt, dass viel TV das Risiko, an Alzheimer zu erkranken, f\u00f6rdern k\u00f6nnte. Alzheimer-Patienten haben aber auch kognitive Defizite jenseits des verbalen Ged\u00e4chtnisverlustes. Dennoch sind diese Studienergebnisse beunruhigend, da sich m\u00f6glicherweise eine ganz eigene Krankheitsentit\u00e4t, die TV-bedingte Demenz, entwickelt\", erkl\u00e4rt Prof. Peter Berlit, Generalsekret\u00e4r der Deutschen Gesellschaft f\u00fcr Neurologie (DGN). <\/p>\n<p>Schon jetzt liegt der durchschnittliche TV-Konsum der Deutschen bereits bei \u00fcber 3 Stunden [2] \u2013 und die vorliegende Studie hatte auch gezeigt, dass Menschen, die nicht mehr im Berufsleben stehen, mehr TV schauen. Des Weiteren waren weibliches Geschlecht, geringer Bildungsgrad, geringer sozialer Status und soziale Isolation (alleine lebend) mit erh\u00f6htem Fernsehkonsum verbunden. \u201eGerade \u00e4ltere Menschen sollten, um lange geistig fit zu bleiben, von zu viel Fernsehschauen absehen\", so der DGN-Experte. <\/p>\n<p><strong>Literatur <\/strong><\/p>\n<p>[1] Fancourt D, Steptoe A. Television viewing and cognitive decline in older age: findings from the English Longitudinal Study of Ageing. Nature Scientific Reportsvolume 9, Article number: 2851 (2019). <a href=\"https:\/\/doi.org\/10.1038\/s41598-019-39354-4\">https:\/\/doi.org\/10.1038\/s41598-019-39354-4<\/a> <br \/>[2] ] https:\/\/de.statista.com\/statistik\/daten\/studie\/2913\/umfrage\/fernsehkonsum-der-deutschen-in-minutennach-altersgruppen\/ <\/p>\n","protected":false},"excerpt":{"rendered":"<p>Guck nicht so viel Fernsehen, das macht dumm, pflegte meine Oma immer zu uns Kindern zu sagen. Aber ist das was dran? Kann zu viel TV-Konsum dumm machen oder eine Demenz bef\u00f6rdern? Eine Studie sagt ja.<\/p>\n","protected":false},"author":1,"featured_media":0,"comment_status":"open","ping_status":"open","sticky":false,"template":"","format":"standard","meta":{"footnotes":""},"categories":[32],"tags":[83],"class_list":["post-8923","post","type-post","status-publish","format-standard","hentry","category-gesundheit","tag-gesundheit"],"_links":{"self":[{"href":"https:\/\/borncity.eu\/senioren\/wp-json\/wp\/v2\/posts\/8923","targetHints":{"allow":["GET"]}}],"collection":[{"href":"https:\/\/borncity.eu\/senioren\/wp-json\/wp\/v2\/posts"}],"about":[{"href":"https:\/\/borncity.eu\/senioren\/wp-json\/wp\/v2\/types\/post"}],"author":[{"embeddable":true,"href":"https:\/\/borncity.eu\/senioren\/wp-json\/wp\/v2\/users\/1"}],"replies":[{"embeddable":true,"href":"https:\/\/borncity.eu\/senioren\/wp-json\/wp\/v2\/comments?post=8923"}],"version-history":[{"count":0,"href":"https:\/\/borncity.eu\/senioren\/wp-json\/wp\/v2\/posts\/8923\/revisions"}],"wp:attachment":[{"href":"https:\/\/borncity.eu\/senioren\/wp-json\/wp\/v2\/media?parent=8923"}],"wp:term":[{"taxonomy":"category","embeddable":true,"href":"https:\/\/borncity.eu\/senioren\/wp-json\/wp\/v2\/categories?post=8923"},{"taxonomy":"post_tag","embeddable":true,"href":"https:\/\/borncity.eu\/senioren\/wp-json\/wp\/v2\/tags?post=8923"}],"curies":[{"name":"wp","href":"https:\/\/api.w.org\/{rel}","templated":true}]}}