{"id":8998,"date":"2019-05-01T00:57:00","date_gmt":"2019-04-30T22:57:00","guid":{"rendered":"https:\/\/borncity.com\/senioren\/?p=8998"},"modified":"2024-10-01T13:08:14","modified_gmt":"2024-10-01T11:08:14","slug":"der-kaiser-dankt-ab-neue-zeitrechnung-in-japan","status":"publish","type":"post","link":"https:\/\/borncity.eu\/senioren\/2019\/05\/01\/der-kaiser-dankt-ab-neue-zeitrechnung-in-japan\/","title":{"rendered":"Der Kaiser dankt ab &ndash; neue Zeitrechnung in Japan"},"content":{"rendered":"<p><img decoding=\"async\" title=\"Japan\" style=\"float: left; margin: 0px 10px 0px 0px; display: inline\" alt=\"Japan\" src=\"https:\/\/gborn.files.wordpress.com\/2010\/02\/flagge11.jpg?w=500\">Am heutigen 1. Mai 2019 ist nicht nur Tag der Arbeit in Deutschland. In Japan hat der bisherige Kaiser (Tenn\u014d) Akihito am gestrigen 30.4.2019 abgedankt. Sein Sohn Naruhito wird heute die Nachfolge als Tenn\u014d antreten. Das f\u00fchrt dazu, dass in Japan eine neue (traditionelle) Zeitrechnung mit dem Jahr 1 beginnt. <\/p>\n<p><!--more--><\/p>\n<p><img loading=\"lazy\" decoding=\"async\" alt=\"\" src=\"https:\/\/vg01.met.vgwort.de\/na\/d2caaa4e34f24326ae58cf4ba0a98e20\" width=\"1\" height=\"1\">Um es gleich vorweg zu nehmen \u2013 ohne Leserinnen der entsprechenden Bl\u00e4tter auf die F\u00fc\u00dfe treten zu wollen \u2013 das ist kein Beitrag a la Bunte oder Gala aus der Welt der Reichen, Sch\u00f6nen und gekr\u00f6nter H\u00e4upter. F\u00fcr mich werden mit dem Machtwechsel in Japan pers\u00f6nliche Erinnerungen wach \u2013 da ich den Machtwechsel von Kaiser Akihito 1989 mitbekommen habe. <\/p>\n<p>(Garten in Japan mit Lampions)<\/p>\n<p>Zudem wurde ich als IT-Blogger seit Monaten vom bevorstehenden Ereignis in Japan tangiert: Die Firma Microsoft versucht seit Monaten, weitgehend erfolglos, die Unterst\u00fctzung f\u00fcr den japanischen Kalender in Windows, Office und anderen Produkten durch sogenannte Updates auf eine neue Zeitrechnung umzustellen. Das war mir Anlass genug, mal einen kurzen Blick auf die Sachlage des Kaiserwechsels zu werfen. <\/p>\n<h2>Akihito wird 1989 Kaiser<\/h2>\n<p>Im Jahr 1989 verstarb der japanische Kaiser Hirohito, der f\u00fcr die Schlachten im 2. Weltkrieg im Pazifik verantwortlich zeichnete. Sein Sohn Akihito bestieg am 7. Januar 1989 als Kaiser den japanischen Chrysanthementhron und wurde am 12. November 1990 offiziell zum 125. Tenn\u014d von Japan ausgerufen, wie man <a href=\"https:\/\/de.wikipedia.org\/wiki\/Akihito\" target=\"_blank\" rel=\"noopener noreferrer\">auf Wikipedia<\/a> nachlesen kann. <\/p>\n<p>Ich selbst habe diese Ereignisse insoweit mitbekommen, als ich 1989 und 1990 mehrfach zu Arbeitsaufenthalten in Japan weilte. Ein deutscher Kollege, der sich im Januar 1989 in Japan aufhielt, erz\u00e4hlte mir, dass er sich in das Kondolenzbuch des Toten, welches in Tokio auslag, eingetragen habe. Mein erster Arbeitsaufenthalt war im April 1989, als dieser Thronwechsel bereits vollzogen war. Daf\u00fcr habe ich dann hautnah die Folgen der Mehrwertsteuereinf\u00fchrung zum 1. April 1989 in Japan erlebt (hatte mit dem Kaiserwechsel nichts zu tun). Da ich \u00fcber diese Zeit in Japan gebloggt habe, hat sich diese Episode im Beitrag <a href=\"https:\/\/borncity.com\/japan\/2015\/11\/28\/was-kostet-das-bahnticket\/\" target=\"_blank\" rel=\"noopener noreferrer\">Was kostet das Bahnticket?<\/a> niedergeschlagen.<\/p>\n<h2>Japan startete im Jahr 1 der Zeitrechnung<\/h2>\n<p>Bei meinem ersten Aufenthalt in Japan stellte ich verdutzt fest, dass es neben dem westlichen Kalender, in dem man das Jahr 1989 schrieb, wohl noch einen zweiten Kalender gab (siehe <a href=\"https:\/\/borncity.com\/japan\/2017\/04\/24\/japanischer-kalender-wechsel-einer-aera\/\" target=\"_blank\" rel=\"noopener noreferrer\">Japanischer Kalender \u2013 Wechsel einer \u00c4ra<\/a>). Dieser stand seinerzeit auf dem Jahr 1, und schnell fand ich heraus, dass das mit dem Regierungsjahr des Tenn\u014d zu tun hatte. <\/p>\n<p>Immer wenn ein Kaiser den Thron besteigt, wird eine neue \u00c4ra ausgerufen, die dann mit dem Jahr 1 beginnt. Akihito hat seiner Regierungszeit den Namen <a href=\"https:\/\/de.wikipedia.org\/wiki\/Heisei-Zeit\" target=\"_blank\" rel=\"noopener noreferrer\">Heisei<\/a> (\u5e73\u6210, <i>Frieden \u00fcberall<\/i>) gegeben. Am 8. Dezember 2017 beschloss die japanische Regierung, dass Akihito zum 30. April 2019 abdanken werde.<\/p>\n<h2>Der neue Tenn\u014d ist Kronprinz Naruhito<\/h2>\n<p>Am 1. Mai 2019 besteigt Kronprinz <a href=\"https:\/\/de.wikipedia.org\/wiki\/Naruhito\" target=\"_blank\" rel=\"noopener noreferrer\">Naruhito<\/a> am folgenden Tag, im Alter von 59 Jahren, den Chrysanthementhron. Da die Heisei \u00c4ra damit zu Ende ist, beginnt die Zeitrechnung im traditionellen japanischen Kalender wieder mit dem Jahr 1. Diese \u00c4ra tr\u00e4gt den Namen Reiwa (Rei = gut, verhei\u00dfungsvoll, Wa = Frieden, Harmonie), und wurde von der japanischen Regierung gew\u00e4hlt. <\/p>\n<p>Japan befindet sich aber im doppeldeutigen Sinne des Wortes vor einer Zeitenwende. <a href=\"https:\/\/www.t-online.de\/unterhaltung\/stars\/id_85655370\/japan-vor-neuer-aera-kaiser-akihito-macht-thron-fuer-naruhito-frei.html\" target=\"_blank\" rel=\"noopener noreferrer\">Dieser Artikel<\/a> auf T-Online greift das Ganze am Rande auf, da sich die japanische Gesellschaft wohl in Richtung mehr Nationalismus zur\u00fcck entwickelt. Bei meinen Besuchen waren Japaner schon keine Internationalisten \u2013 erst kam der Japaner, dann kam lange nichts \u2013 und irgendwann rangierten wei\u00dfe Ausl\u00e4nder auf der Liste der Menschen tief unten. Noch tiefer in der Hierarchie waren nicht wei\u00dfe Ausl\u00e4nder angesiedelt. Spiegel Online hat das Ganze in <a href=\"https:\/\/www.spiegel.de\/wirtschaft\/carlos-ghosn-zeigt-sein-fall-auch-eine-renationalisierung-japans-a-1264771.html\" target=\"_blank\" rel=\"noopener noreferrer\">diesem aktuellen Artikel<\/a> aufgegriffen. <\/p>\n<p>Und so schlie\u00dft sich f\u00fcr mich der Kreis \u2013 ein Sack Reis ist in Japan umgefallen, und die Folgen wurden auch bei mir, in Form pers\u00f6nlicher Erinnerungen, vernommen. In diesem Hinblick w\u00fcnsche ich allseits einen sch\u00f6nen 1. Mai 2019. <\/p>\n","protected":false},"excerpt":{"rendered":"<p>Am heutigen 1. Mai 2019 ist nicht nur Tag der Arbeit in Deutschland. In Japan hat der bisherige Kaiser (Tenn\u014d) Akihito am gestrigen 30.4.2019 abgedankt. Sein Sohn Naruhito wird heute die Nachfolge als Tenn\u014d antreten. Das f\u00fchrt dazu, dass in &hellip; <a href=\"https:\/\/borncity.eu\/senioren\/2019\/05\/01\/der-kaiser-dankt-ab-neue-zeitrechnung-in-japan\/\">Weiterlesen <span class=\"meta-nav\">&rarr;<\/span><\/a><\/p>\n","protected":false},"author":1,"featured_media":0,"comment_status":"open","ping_status":"open","sticky":false,"template":"","format":"standard","meta":{"footnotes":""},"categories":[1],"tags":[168],"class_list":["post-8998","post","type-post","status-publish","format-standard","hentry","category-allgemein","tag-allgemein"],"_links":{"self":[{"href":"https:\/\/borncity.eu\/senioren\/wp-json\/wp\/v2\/posts\/8998","targetHints":{"allow":["GET"]}}],"collection":[{"href":"https:\/\/borncity.eu\/senioren\/wp-json\/wp\/v2\/posts"}],"about":[{"href":"https:\/\/borncity.eu\/senioren\/wp-json\/wp\/v2\/types\/post"}],"author":[{"embeddable":true,"href":"https:\/\/borncity.eu\/senioren\/wp-json\/wp\/v2\/users\/1"}],"replies":[{"embeddable":true,"href":"https:\/\/borncity.eu\/senioren\/wp-json\/wp\/v2\/comments?post=8998"}],"version-history":[{"count":1,"href":"https:\/\/borncity.eu\/senioren\/wp-json\/wp\/v2\/posts\/8998\/revisions"}],"predecessor-version":[{"id":26381,"href":"https:\/\/borncity.eu\/senioren\/wp-json\/wp\/v2\/posts\/8998\/revisions\/26381"}],"wp:attachment":[{"href":"https:\/\/borncity.eu\/senioren\/wp-json\/wp\/v2\/media?parent=8998"}],"wp:term":[{"taxonomy":"category","embeddable":true,"href":"https:\/\/borncity.eu\/senioren\/wp-json\/wp\/v2\/categories?post=8998"},{"taxonomy":"post_tag","embeddable":true,"href":"https:\/\/borncity.eu\/senioren\/wp-json\/wp\/v2\/tags?post=8998"}],"curies":[{"name":"wp","href":"https:\/\/api.w.org\/{rel}","templated":true}]}}