{"id":9058,"date":"2019-05-08T00:02:00","date_gmt":"2019-05-07T22:02:00","guid":{"rendered":"https:\/\/borncity.com\/senioren\/?p=9058"},"modified":"2023-05-21T08:03:42","modified_gmt":"2023-05-21T06:03:42","slug":"knig-david-forscher-zweifeln-belege-fr-existenz-an","status":"publish","type":"post","link":"https:\/\/borncity.eu\/senioren\/2019\/05\/08\/knig-david-forscher-zweifeln-belege-fr-existenz-an\/","title":{"rendered":"K&ouml;nig David: Forscher zweifeln Belege f&uuml;r Existenz an"},"content":{"rendered":"<p>Gab es den biblischen K\u00f6nig David wirklich? Israelische Arch\u00e4ologen haben jetzt Zweifel an einem Beleg f\u00fcr die Existenz von K\u00f6nig David erhoben. Hier ein kurzer Abriss, um was es geht. <\/p>\n<p><!--more--><\/p>\n<h2>Zur Einordnung<\/h2>\n<p>Gem\u00e4\u00df Wikipedia war <a href=\"https:\/\/de.wikipedia.org\/wiki\/David\" target=\"_blank\" rel=\"noopener noreferrer\">David<\/a> laut 1. und 2. Buch Samuel, dem 1. Buch der K\u00f6nige und dem 1. Buch der Chronik des Tanach und des Alten Testaments der Bibel K\u00f6nig von Juda. Zudem war er als Nachfolger Sauls auch der K\u00f6nig von Israel. Es oll um 1000 v. Chr. gelebt haben und gilt als Verfasser der <a href=\"https:\/\/de.wikipedia.org\/wiki\/Davidpsalm\">Davidpsalmen<\/a>. Aus der prophetischen Zusage eines ewigen Bestands der Daviddynastie (2. Sam 7) entwickelte sich die biblische Messias-Erwartung.<\/p>\n<p>Was Bibel und Talmut erz\u00e4hlen, muss nicht wirklich der Wahrheit entsprechen \u2013 zu h\u00e4ufig wurde bereits nachgewiesen, dass die 'Aufschreiber' hemmungslos bei anderen geklaut haben \u2013 <a href=\"https:\/\/de.wikipedia.org\/wiki\/VroniPlag_Wiki\" target=\"_blank\" rel=\"noopener noreferrer\">Vroni Plag<\/a> h\u00e4tte seine helle Freude. So wird die Geschichte des <a href=\"https:\/\/de.wikipedia.org\/wiki\/Mose\" target=\"_blank\" rel=\"noopener noreferrer\">Moses<\/a>, der als S\u00e4ugling in einem Weidenk\u00f6rbchen ausgesetzt wurde, flei\u00dfige im Religionsunterricht erz\u00e4hlt. Dumm nur, dass es eine gleiche Geschichte des <a href=\"https:\/\/de.wikipedia.org\/wiki\/Sargon_von_Akkad\" target=\"_blank\" rel=\"noopener noreferrer\">Sargon von Akkad<\/a> (K\u00f6nig von Akkad) gibt, der, sofern \u00fcberhaupt existent, 2356 bis 2300 v. Chr. gelebt haben soll. <\/p>\n<h2>Die historische Figur des David ist fraglich<\/h2>\n<p>Die Wikipedia thematisiert auch, dass es <a href=\"https:\/\/de.wikipedia.org\/wiki\/David\" target=\"_blank\" rel=\"noopener noreferrer\">K\u00f6nig David<\/a> so nie als reale Person gegeben haben k\u00f6nnte. Denn es liegen keine arch\u00e4ologische Funde vor, die mit Sicherheit seiner Person zugeordnet werden k\u00f6nnen. Zitat aus dem betreffenden Abschnitt: <\/p>\n<blockquote>\n<p>In letzter Zeit wird von den so genannten Minimalisten der Bibelwissenschaft sogar in Frage gestellt, ob David je existiert hat: Der britische Arch\u00e4ologe Philip R. Davies \u00e4u\u00dferte etwa den Verdacht, die Figur David sei \u201eso historisch wie K\u00f6nig Artus\".<\/p>\n<\/blockquote>\n<p>Es ist aber durch eine 1993 gefundene Inschrift aus <a href=\"https:\/\/de.wikipedia.org\/wiki\/Tel-Dan-Inschrift\" target=\"_blank\" rel=\"noopener noreferrer\">Tel Dan<\/a> belegt, dass um 840 v. Chr. die K\u00f6nige <a href=\"https:\/\/de.wikipedia.org\/wiki\/Juda_(Reich)\" target=\"_blank\" rel=\"noopener noreferrer\">Judas<\/a> tats\u00e4chlich als zum \u201eHaus David\" geh\u00f6rend betrachtet wurden. Auch auf der <a href=\"https:\/\/de.wikipedia.org\/wiki\/Moabitische_Sprache\">moabitischen<\/a> <a href=\"https:\/\/de.wikipedia.org\/wiki\/Mescha-Stele\" target=\"_blank\" rel=\"noopener noreferrer\">Mescha-Stele<\/a> aus dem 9. vorchristlichen Jahrhundert und in einem Relief, das der Pharao Scheschonq I. in Theben anfertigen lie\u00df, wollen Forscher den Namen David entziffert haben, doch sind diese Lesarten umstritten.<\/p>\n<h2>Neue Erkenntnisse israelischer Arch\u00e4ologen<\/h2>\n<p>Die <a href=\"https:\/\/de.wikipedia.org\/wiki\/Mescha-Stele\" target=\"_blank\" rel=\"noopener noreferrer\">Mescha-Stele<\/a> aus dem 9. vorchristlichen Jahrhundert ist ein Gedenkstein mit Inschrift in moabitischer Sprache. Die Stele aus Basalt wurde 1868 \u00f6stlich des Toten Meeres bei Dhiban (Dibon) von dem els\u00e4ssischen Missionar Frederick Augustus Klein entdeckt. Sp\u00e4ter zerst\u00f6rten von Beduinen (Beni Hamiden) jener Gegend mutwillig die Stele zerst\u00f6rt. Gl\u00fccklicherweise hatte der franz\u00f6sische Arch\u00e4ologe und Orientalist <a href=\"https:\/\/de.wikipedia.org\/wiki\/Charles_Clermont-Ganneau\" target=\"_blank\" rel=\"noopener noreferrer\">Charles Clermont-Ganneau<\/a> noch durch einen Mittelsmann vorher eine Kopie der Inschrift anfertigen lassen. An Hand der Kopie gelang ihm sp\u00e4ter die Rekonstruktion (ein Teil der Stele und der Inschrift ging verloren). <\/p>\n<p><img decoding=\"async\" src=\"https:\/\/upload.wikimedia.org\/wikipedia\/commons\/1\/18\/Mesha_stele.jpg\"><br \/>(Quelle: Wikipedia, Gemeinfrei)<\/p>\n<p>Der restaurierte Stein steht heute im Louvre in Paris, eine Kopie davon im Britischen Museum in London, eine weitere im Jordanischen Museum in Amman. 1958 wurde in Kerak ein weiteres Fragment mit \u00e4hnlicher Inschrift zum gleichen Ereignis gefunden. <\/p>\n<p>Das Problem: Durch die zerbrochene Stele war der erste Buchstabe des K\u00f6nigshauses der Juden besch\u00e4digt. <a href=\"https:\/\/www.grenzwissenschaft-aktuell.de\/archaeologen-zweifeln-an-archaeologischem-beleg-fuer-koenig-david20190504\/\" target=\"_blank\" rel=\"noopener noreferrer\">Hier<\/a> wird nun berichtet, dass ein Team um Israel Finkelstein von der University of Tel Aviv die Kopie der Inschrift sowie neue, hochaufl\u00f6senden Aufnahmen der Fragmente der Stele nun erneut analysiert habe. Die Wissenschaftler kommen nun zum Schluss, dass dort nicht der hebr\u00e4ischen Buchstabe \u201eDaled\", sondern das Schriftzeichen \u201eBeth\" gestanden habe. Damit l\u00f6st sich die Lesart, dass dort von K\u00f6nig David die Rede ist, in Luft auf. Vermutlich stand dort der Name des moabitischen Herrschers Balak. Die Erkenntnisse sind im Artikel <a href=\"https:\/\/web.archive.org\/web\/20221021080111\/https:\/\/www.tandfonline.com\/doi\/full\/10.1080\/03344355.2019.1586378\" target=\"_blank\" rel=\"noopener noreferrer\">Restoring Line 31 in the Mesha Stele: The 'House of David' or Biblical Balak?<\/a> ver\u00f6ffentlicht worden. Damit ist nun einer von drei Belegen f\u00fcr die Existenz von K\u00f6nig David wohl nicht mehr verwendbar.<\/p>\n","protected":false},"excerpt":{"rendered":"<p>Gab es den biblischen K\u00f6nig David wirklich? Israelische Arch\u00e4ologen haben jetzt Zweifel an einem Beleg f\u00fcr die Existenz von K\u00f6nig David erhoben. Hier ein kurzer Abriss, um was es geht.<\/p>\n","protected":false},"author":1,"featured_media":0,"comment_status":"open","ping_status":"open","sticky":false,"template":"","format":"standard","meta":{"footnotes":""},"categories":[1],"tags":[322],"class_list":["post-9058","post","type-post","status-publish","format-standard","hentry","category-allgemein","tag-geschichte"],"_links":{"self":[{"href":"https:\/\/borncity.eu\/senioren\/wp-json\/wp\/v2\/posts\/9058","targetHints":{"allow":["GET"]}}],"collection":[{"href":"https:\/\/borncity.eu\/senioren\/wp-json\/wp\/v2\/posts"}],"about":[{"href":"https:\/\/borncity.eu\/senioren\/wp-json\/wp\/v2\/types\/post"}],"author":[{"embeddable":true,"href":"https:\/\/borncity.eu\/senioren\/wp-json\/wp\/v2\/users\/1"}],"replies":[{"embeddable":true,"href":"https:\/\/borncity.eu\/senioren\/wp-json\/wp\/v2\/comments?post=9058"}],"version-history":[{"count":1,"href":"https:\/\/borncity.eu\/senioren\/wp-json\/wp\/v2\/posts\/9058\/revisions"}],"predecessor-version":[{"id":22441,"href":"https:\/\/borncity.eu\/senioren\/wp-json\/wp\/v2\/posts\/9058\/revisions\/22441"}],"wp:attachment":[{"href":"https:\/\/borncity.eu\/senioren\/wp-json\/wp\/v2\/media?parent=9058"}],"wp:term":[{"taxonomy":"category","embeddable":true,"href":"https:\/\/borncity.eu\/senioren\/wp-json\/wp\/v2\/categories?post=9058"},{"taxonomy":"post_tag","embeddable":true,"href":"https:\/\/borncity.eu\/senioren\/wp-json\/wp\/v2\/tags?post=9058"}],"curies":[{"name":"wp","href":"https:\/\/api.w.org\/{rel}","templated":true}]}}