{"id":9241,"date":"2019-05-24T10:06:53","date_gmt":"2019-05-24T08:06:53","guid":{"rendered":"https:\/\/borncity.com\/senioren\/?p=9241"},"modified":"2019-05-24T10:07:31","modified_gmt":"2019-05-24T08:07:31","slug":"alles-in-richtung-sommer-2019","status":"publish","type":"post","link":"https:\/\/borncity.eu\/senioren\/2019\/05\/24\/alles-in-richtung-sommer-2019\/","title":{"rendered":"Alles Marsch, in Richtung Sommer 2019"},"content":{"rendered":"<p><img loading=\"lazy\" decoding=\"async\" style=\"float: left; margin: 0px 10px 0px 0px; display: inline\" src=\"https:\/\/i.imgur.com\/Y50Hq3r.jpg\" width=\"116\" align=\"left\" height=\"109\">Endlich ist die Regenphase mit K\u00e4lte vorbei und es sieht nach Sommer aus. Als ich heute morgen meine t\u00e4glichen Physiotherapie\u00fcbungen im Wohnzimmer absolvierte, fiel mein Blick zuf\u00e4llig durch eines der Fenster in den Garten. Da war, dank unserer wilden Blumenecke, schon ein Zipfelchen vom Sommer 2019 zu erahnen.<\/p>\n<p><!--more--><\/p>\n<p>Ein sonniger Mai-Morgen mit angenehmen Temperaturen und blauem Himmel waren das Eine. Das andere war die 'wilde Blumenecke', die meine Frau direkt vor dem Fenster unseres Wohnzimmers angelegt hat.<\/p>\n<p><img decoding=\"async\" title=\"Klatschmohn und Kornblumen\" alt=\"Klatschmohn und Kornblumen\" src=\"https:\/\/i.imgur.com\/8cp8vF1.jpg\"><br \/>Klatschmohn und Kornblumen, Mai 2019<\/p>\n<p>Das obige Foto wurde mit einem iPad durch die Scheibe geschossen, daher ist es an manchen Stellen etwas hell\/flau. Klatschmohn und Kornblumen stehen in voller Bl\u00fcte. Im Hintergrund ist noch ein Mini-Treibhaus zu erkennen, welches uns schon seit Anfang Mai Salat und Zwiebelgr\u00fcn liefert. Nachfolgend ist noch ein zweiter Blick, aufgenommen von Au\u00dfen, in Richtung Osten zu sehen. <\/p>\n<p><img decoding=\"async\" title=\"Klatschmohn und Kornblumen, Feige, Mai 2019\" alt=\"Klatschmohn und Kornblumen, Feige, Mai 2019\" src=\"https:\/\/i.imgur.com\/bfHcYmV.jpg\"><br \/>Klatschmohn und Kornblumen, Feige, Mai 2019<\/p>\n<p>Da dort die Sonne stand, ist das Foto im oberen Teil etwas zu hell \u2013 ging auf die Schnelle mit dem iPad und den beengten Verh\u00e4ltnissen vor dem Wohnzimmerfenster nicht anders. Im Hintergrund ist \u00fcbrigens eine Feige zu erkennen, die ich dieses Jahr an der Hauswand eingepflanzt habe. Die hat mir mal ein freundlicher Mensch in Karlsruhe geschenkt, als ich an seinem Garten vorbei ging und spontan 'boah, was ein Feigenbau, und sogar mit Fr\u00fcchten dran' ausrief. Pl\u00f6tzlich t\u00f6nte aus dem Hintergrund 'Wollen Sie eine Feige haben' und der Mann schenkte mir zwei Setzlinge, die er aus den Fruchtsamen gezogen hatte. Ein Setzling ging nach einem Jahr ein, der zweite gedieh schon seit einigen Jahren in einem Tops. Direkt neben der Feige, leider nicht zu sehen, steht meine Kultur mit wildem <a href=\"https:\/\/de.wikipedia.org\/wiki\/Garten-Senfrauke\" target=\"_blank\" rel=\"noopener noreferrer\">Rucula<\/a> (Weinbergrauke). Die Pflanzen kommen endemisch in einigen Bereichen nahe R\u00fcdesheim\/Assmannshausen in den Weinbergen vor (siehe <a href=\"https:\/\/borncity.com\/reisen\/2017\/06\/03\/rheingau-historienweg-von-rdesheim-nach-assmanshausen\/\" target=\"_blank\" rel=\"noopener noreferrer\">Rheingau: Historienweg von R\u00fcdesheim nach Assmanshausen<\/a>). Ich habe vor vielen Jahren ein T\u00fctchen Samen auf dem Viktualienmarkt in M\u00fcnchen entdeckt (lange, bevor diese Samen hier in den Superm\u00e4rkten auftauchten). Die Aussaht ging damals an und die Weinbergrauke kommt zu meiner Freude (und zum Leidwesen meiner Frau) jedes Jahr wieder. <\/p>\n<p><img decoding=\"async\" title=\"Klatschmohn, Mai 2019\" alt=\"Klatschmohn, Mai 2019\" src=\"https:\/\/i.imgur.com\/Z0NUB4G.jpg\"><br \/>Klatschmohn, Mai 2019<\/p>\n<p>Hier noch zwei Fotos von ge\u00f6ffneten Bl\u00fcten des Klatschmohns, die mich immer wieder begeistern k\u00f6nnen. Das ist, neben den Kornblumen, die ich aus meiner Jugend nur in den Getreidefeldern meiner Eltern kannte, ein Bote des Sommers. <\/p>\n<p><img decoding=\"async\" src=\"https:\/\/i.imgur.com\/9gAYR0i.jpg\"><br \/>Klatschmohn mit Hummel, Mai 2019<\/p>\n<p>Obiges Foto zeigt, dass die Hummeln auch am fr\u00fchen Morgen schon flei\u00dfig sind und die Bl\u00fcten des Klatschmohns besuchen. Der Sommer 2019 kann also kommen. <\/p>\n","protected":false},"excerpt":{"rendered":"<p>Endlich ist die Regenphase mit K\u00e4lte vorbei und es sieht nach Sommer aus. Als ich heute morgen meine t\u00e4glichen Physiotherapie\u00fcbungen im Wohnzimmer absolvierte, fiel mein Blick zuf\u00e4llig durch eines der Fenster in den Garten. Da war, dank unserer wilden Blumenecke, &hellip; <a href=\"https:\/\/borncity.eu\/senioren\/2019\/05\/24\/alles-in-richtung-sommer-2019\/\">Weiterlesen <span class=\"meta-nav\">&rarr;<\/span><\/a><\/p>\n","protected":false},"author":1,"featured_media":0,"comment_status":"open","ping_status":"open","sticky":false,"template":"","format":"standard","meta":{"footnotes":""},"categories":[18,13],"tags":[19,119],"class_list":["post-9241","post","type-post","status-publish","format-standard","hentry","category-foto","category-natur","tag-foto","tag-natur"],"_links":{"self":[{"href":"https:\/\/borncity.eu\/senioren\/wp-json\/wp\/v2\/posts\/9241","targetHints":{"allow":["GET"]}}],"collection":[{"href":"https:\/\/borncity.eu\/senioren\/wp-json\/wp\/v2\/posts"}],"about":[{"href":"https:\/\/borncity.eu\/senioren\/wp-json\/wp\/v2\/types\/post"}],"author":[{"embeddable":true,"href":"https:\/\/borncity.eu\/senioren\/wp-json\/wp\/v2\/users\/1"}],"replies":[{"embeddable":true,"href":"https:\/\/borncity.eu\/senioren\/wp-json\/wp\/v2\/comments?post=9241"}],"version-history":[{"count":0,"href":"https:\/\/borncity.eu\/senioren\/wp-json\/wp\/v2\/posts\/9241\/revisions"}],"wp:attachment":[{"href":"https:\/\/borncity.eu\/senioren\/wp-json\/wp\/v2\/media?parent=9241"}],"wp:term":[{"taxonomy":"category","embeddable":true,"href":"https:\/\/borncity.eu\/senioren\/wp-json\/wp\/v2\/categories?post=9241"},{"taxonomy":"post_tag","embeddable":true,"href":"https:\/\/borncity.eu\/senioren\/wp-json\/wp\/v2\/tags?post=9241"}],"curies":[{"name":"wp","href":"https:\/\/api.w.org\/{rel}","templated":true}]}}