{"id":9310,"date":"2019-06-02T00:22:00","date_gmt":"2019-06-01T22:22:00","guid":{"rendered":"https:\/\/borncity.com\/senioren\/?p=9310"},"modified":"2019-06-01T20:26:36","modified_gmt":"2019-06-01T18:26:36","slug":"die-edeka-verkuferin-und-die-kundin","status":"publish","type":"post","link":"https:\/\/borncity.eu\/senioren\/2019\/06\/02\/die-edeka-verkuferin-und-die-kundin\/","title":{"rendered":"Die Edeka-Verk&auml;uferin und die Kundin"},"content":{"rendered":"<p>Es gab wohl in einer Edeka-Filiale einen unsch\u00f6nen Vorfall. Eine Kundin sagte ihrem Kind, wenn es nichts f\u00fcr die Schule lernt, w\u00fcrde es eines Tages als Verk\u00e4uferin hinter der Fleischtheke landen. Die Szene fand vor der Fleischtheke des Markts statt. Der Marktleiter hat dann auf Facebook geantwortet.<\/p>\n<p><!--more--><\/p>\n<p>Die Geschichte geht momentan im Internet viral. Ich bin vor einigen Tagen beim <a href=\"https:\/\/www.merkur.de\/bayern\/edeka-kundin-extrem-unverschaemt-sie-kassiert-standpauke-auf-facebook-zr-12333365.html\" target=\"_blank\" rel=\"noopener noreferrer\">M\u00fcnchener Merkur<\/a> auf die Geschichte gesto\u00dfen. Die Reaktion von Edeka, die auf <a href=\"https:\/\/www.facebook.com\/edekawerner\/posts\/2357050481021369\" rel=\"nofollow noopener noreferrer\" target=\"_blank\">Facebook eine Antwort postete<\/a>, hat es in sich. Der Marktleiter weist berechtigt darauf hin, dass dort gut ausgebildete Fachkr\u00e4fte mit abgeschlossener Berufsausbildung arbeiten. <\/p>\n<p><a href=\"https:\/\/i.imgur.com\/7GR8Jrv.jpg\" target=\"_blank\" rel=\"noopener noreferrer\"><img loading=\"lazy\" decoding=\"async\" title=\"\" alt=\"Edeka Antwort auf Facebook\" src=\"https:\/\/i.imgur.com\/7GR8Jrv.jpg\" width=\"537\" height=\"473\"><\/a><br \/>(<a href=\"https:\/\/i.imgur.com\/7GR8Jrv.jpg\" target=\"_blank\" rel=\"noopener noreferrer\">Zum Vergr\u00f6\u00dfern klicken<\/a>)<\/p>\n<p>Kann ich nachvollziehen und ich finde die Reaktion des Marktleiters in Ordnung. <\/p>\n","protected":false},"excerpt":{"rendered":"<p>Es gab wohl in einer Edeka-Filiale einen unsch\u00f6nen Vorfall. Eine Kundin sagte ihrem Kind, wenn es nichts f\u00fcr die Schule lernt, w\u00fcrde es eines Tages als Verk\u00e4uferin hinter der Fleischtheke landen. Die Szene fand vor der Fleischtheke des Markts statt. &hellip; <a href=\"https:\/\/borncity.eu\/senioren\/2019\/06\/02\/die-edeka-verkuferin-und-die-kundin\/\">Weiterlesen <span class=\"meta-nav\">&rarr;<\/span><\/a><\/p>\n","protected":false},"author":1,"featured_media":0,"comment_status":"open","ping_status":"open","sticky":false,"template":"","format":"standard","meta":{"footnotes":""},"categories":[1],"tags":[175],"class_list":["post-9310","post","type-post","status-publish","format-standard","hentry","category-allgemein","tag-alllgemein"],"_links":{"self":[{"href":"https:\/\/borncity.eu\/senioren\/wp-json\/wp\/v2\/posts\/9310","targetHints":{"allow":["GET"]}}],"collection":[{"href":"https:\/\/borncity.eu\/senioren\/wp-json\/wp\/v2\/posts"}],"about":[{"href":"https:\/\/borncity.eu\/senioren\/wp-json\/wp\/v2\/types\/post"}],"author":[{"embeddable":true,"href":"https:\/\/borncity.eu\/senioren\/wp-json\/wp\/v2\/users\/1"}],"replies":[{"embeddable":true,"href":"https:\/\/borncity.eu\/senioren\/wp-json\/wp\/v2\/comments?post=9310"}],"version-history":[{"count":0,"href":"https:\/\/borncity.eu\/senioren\/wp-json\/wp\/v2\/posts\/9310\/revisions"}],"wp:attachment":[{"href":"https:\/\/borncity.eu\/senioren\/wp-json\/wp\/v2\/media?parent=9310"}],"wp:term":[{"taxonomy":"category","embeddable":true,"href":"https:\/\/borncity.eu\/senioren\/wp-json\/wp\/v2\/categories?post=9310"},{"taxonomy":"post_tag","embeddable":true,"href":"https:\/\/borncity.eu\/senioren\/wp-json\/wp\/v2\/tags?post=9310"}],"curies":[{"name":"wp","href":"https:\/\/api.w.org\/{rel}","templated":true}]}}