{"id":9417,"date":"2019-06-14T00:38:00","date_gmt":"2019-06-13T22:38:00","guid":{"rendered":"https:\/\/borncity.com\/senioren\/?p=9417"},"modified":"2019-06-12T00:42:55","modified_gmt":"2019-06-11T22:42:55","slug":"no-suv-protest-aktion-in-berlin","status":"publish","type":"post","link":"https:\/\/borncity.eu\/senioren\/2019\/06\/14\/no-suv-protest-aktion-in-berlin\/","title":{"rendered":"&bdquo;No SUV&ldquo;-Protest-Aktion in Berlin"},"content":{"rendered":"<p>SUVs sind besonders Sprit-fressende Fahrzeuge und extrem umweltsch\u00e4dlich. Angesichts der drohenden Klimakatastrophe eigentlich nicht mehr nachvollziehbar, warum es die Fahrzeuge geben muss. Daher soll es am 18. Juni 2019 eine \u201eNo SUV\"-Protest-Aktion in Berlin geben. <\/p>\n<p><!--more--><\/p>\n<p>Die gro\u00dfe <b>\u201eNo SUV\"<\/b>-Protest-Aktion soll am m <b>18. Juni<\/b>&nbsp;<strong>2019<\/strong> in Berlin, auf dem Kurf\u00fcrstendamm, auf dem \u00fcberm\u00e4\u00dfig viele sehr gro\u00dfe Fahrzeuge unterwegs sind, stattfinden. Geplant wird diese Aktion von den Mitgliedern des Jugendrats der Generationen Stiftung. Die Aktion wird <b>ab 16 Uhr <\/b>spektakul\u00e4r direkt vor dem Apple Store, Kurf\u00fcrstendamm 26, City West, durchgef\u00fchrt. <\/p>\n<p><img decoding=\"async\" title=\"SUV\" alt=\"SUV\" src=\"https:\/\/i.imgur.com\/PiNYpFu.jpg\"><br \/>(Quelle: <a href=\"https:\/\/www.pexels.com\/de-de\/foto\/abend-asphalt-autobahn-automobil-2056075\/\" target=\"_blank\" rel=\"noopener noreferrer\">Pexels<\/a>&nbsp; CC0 License) <\/p>\n<p>Die Mitglieder des Jugendrats planen eine Stra\u00dfenblockade (angemeldete Demo, damit es nicht gleich vorbei ist) und werden dann SUV-Fahrer in Gespr\u00e4che verwickeln und oder die \u00fcbergro\u00dfen Autos (auch parkende im Umfeld) mit Aufsehen erregenden Stickern in neonorange bekleben. An einem Info-Stand wird \u00fcber die Sch\u00e4dlichkeit von SUVs gesprochen und es wird Sauerstoffduschen f\u00fcr die Passanten geben.&nbsp; <\/p>\n<p>Auf den Stickern werden dramatische Warnhinweise im Stile der Zigarettenschachtel-Warnhinweise stehen, im Stile von \u201eSUV Fahren vergr\u00f6\u00dfert nicht Ihre Potenz\" (und viel mehr weitere, z.T. noch in der Mache).&nbsp;<\/p>\n","protected":false},"excerpt":{"rendered":"<p>SUVs sind besonders Sprit-fressende Fahrzeuge und extrem umweltsch\u00e4dlich. Angesichts der drohenden Klimakatastrophe eigentlich nicht mehr nachvollziehbar, warum es die Fahrzeuge geben muss. Daher soll es am 18. Juni 2019 eine \u201eNo SUV\"-Protest-Aktion in Berlin geben.<\/p>\n","protected":false},"author":1,"featured_media":0,"comment_status":"open","ping_status":"open","sticky":false,"template":"","format":"standard","meta":{"footnotes":""},"categories":[1],"tags":[168],"class_list":["post-9417","post","type-post","status-publish","format-standard","hentry","category-allgemein","tag-allgemein"],"_links":{"self":[{"href":"https:\/\/borncity.eu\/senioren\/wp-json\/wp\/v2\/posts\/9417","targetHints":{"allow":["GET"]}}],"collection":[{"href":"https:\/\/borncity.eu\/senioren\/wp-json\/wp\/v2\/posts"}],"about":[{"href":"https:\/\/borncity.eu\/senioren\/wp-json\/wp\/v2\/types\/post"}],"author":[{"embeddable":true,"href":"https:\/\/borncity.eu\/senioren\/wp-json\/wp\/v2\/users\/1"}],"replies":[{"embeddable":true,"href":"https:\/\/borncity.eu\/senioren\/wp-json\/wp\/v2\/comments?post=9417"}],"version-history":[{"count":0,"href":"https:\/\/borncity.eu\/senioren\/wp-json\/wp\/v2\/posts\/9417\/revisions"}],"wp:attachment":[{"href":"https:\/\/borncity.eu\/senioren\/wp-json\/wp\/v2\/media?parent=9417"}],"wp:term":[{"taxonomy":"category","embeddable":true,"href":"https:\/\/borncity.eu\/senioren\/wp-json\/wp\/v2\/categories?post=9417"},{"taxonomy":"post_tag","embeddable":true,"href":"https:\/\/borncity.eu\/senioren\/wp-json\/wp\/v2\/tags?post=9417"}],"curies":[{"name":"wp","href":"https:\/\/api.w.org\/{rel}","templated":true}]}}