{"id":9485,"date":"2019-06-20T14:33:41","date_gmt":"2019-06-20T12:33:41","guid":{"rendered":"https:\/\/borncity.com\/senioren\/?p=9485"},"modified":"2019-06-20T14:47:32","modified_gmt":"2019-06-20T12:47:32","slug":"wilder-sommergarten-2019","status":"publish","type":"post","link":"https:\/\/borncity.eu\/senioren\/2019\/06\/20\/wilder-sommergarten-2019\/","title":{"rendered":"Wilder Sommergarten: Juni 2019"},"content":{"rendered":"<p>Gerade regnet es zwar in Str\u00f6men \u2013 typischer Schauer im Juni \u2013 aber es ist Sommer. Unser Garten hat sich in eine Wildnis aus Blumen, Gr\u00e4sern und Pflanzen verwandelt, in der sich V\u00f6gel und Insekten wohl f\u00fchlen. <\/p>\n<p><!--more--><\/p>\n<p><img loading=\"lazy\" decoding=\"async\" alt=\"\" src=\"https:\/\/vg07.met.vgwort.de\/na\/31a0702a41624696b873b44fdbc618c2\" width=\"1\" height=\"1\">Es ist einfach eine geniale Zeit \u2013 die ersten Fr\u00fchkirschen in der entfernteren Nachbarschaft, deren Bl\u00fcten ich im April im Beitrag <a href=\"https:\/\/borncity.eu\/senioren\/2019\/04\/10\/frhling-pflaumen-und-kirschbaumblte\/\">Fr\u00fchling: Pflaumen- und Kirschbaumbl\u00fcte<\/a> bewundert hatte,&nbsp; sind schon seit Wochen abgeerntet.<\/p>\n<p><img decoding=\"async\" title=\"Fr&uuml;hkirschen\" alt=\"Fr&uuml;hkirschen\" src=\"https:\/\/i.imgur.com\/0wtunNj.jpg\"><\/p>\n<p>In meinem Garten werden die Johannisbeeren langsam reif \u2013 und es gr\u00fcnt und bl\u00fcht an allen Ecken und Enden. Hier ein Blick von meiner Terrasse auf die Muschelkalk-Terrasse, die ich mir vor zwei Jahren haben anlegen lassen. <\/p>\n<p><img decoding=\"async\" title=\"Sommergarten 2019\" alt=\"Sommergarten 2019\" src=\"https:\/\/i.imgur.com\/Ihkn8mt.jpg\"><\/p>\n<p>War notwendig, weil wir den Hang langsam altersgerecht gestalten m\u00fcssen und meine Frau samt meiner Wenigkeit auch noch mit 70+ da Unkraut j\u00e4ten oder Pflanzen setzen k\u00f6nnen wollen. Klatschmohn, Glockenblumen, Rosen, Bartnelken, Fingerhut und einiges andere bl\u00fcht momentan. An der Hauswand ist noch ein Blumenfeld mit Kornblumen und Klatschmohn (siehe <a href=\"https:\/\/borncity.eu\/senioren\/2019\/05\/24\/alles-in-richtung-sommer-2019\/\">Alles Marsch, in Richtung Sommer 2019<\/a>). Bei sch\u00f6nem Wetter ist es ein Summen und Brummen, wenn Hummeln und Bienen die Bl\u00fcten besuchen.<\/p>\n<p><img decoding=\"async\" title=\"Sommergarten mit Klatschmohn\" alt=\"Sommergarten mit Klatschmohn\" src=\"https:\/\/i.imgur.com\/x2YEoC0.jpg\"><\/p>\n<p>Inzwischen haben wir ein Hummelnest in einer Steintreppe im Bereich des Garten, der hier abgebildet ist. Und ein zweites Nest ist an der Hauswand, wo ich gr\u00f6\u00dfere Kieselsteine als Abdeckung zur Hauswand abgelegt habe. Aber solange man die Hummeln nicht st\u00f6rt, tun die nichts. Ach ja, dieses Jahr tummeln sich auch extrem viele Bienen, speziell beim bl\u00fchenden Lavendel (voriges Jahr waren es weniger). Aber 500-800 Meter entfernt steht jetzt auch eine Bienenbeute am Ortsrand. Die ersten Schmetterlinge habe ich auch schon gesehen, Kohlwei\u00dflinge und einen braunen Falter. Mal schauen, wenn der Schmetterlingsflieder wieder bl\u00fcht, ob diese Insekten dann auch wieder h\u00e4ufiger zu sehen sind. Letztes Jahr waren wenige Schmetterlinge (im Vergleich zu den Vorjahren) unterwegs. <\/p>\n<p><img decoding=\"async\" title=\"Klatschmohn, Mai 2019\" alt=\"Klatschmohn, Mai 2019\" src=\"https:\/\/i.imgur.com\/Z0NUB4G.jpg\"><br \/>Klatschmohn, Mai 2019  <\/p>\n<p>Bei der Nachbarin w\u00e4chst der Wein \u2013 und die Ranken h\u00e4ngen bei uns \u00fcber den Zaun. Letztes Wochenende und das Wochenende davor habe meine Frau und ich junge Weinbl\u00e4tter abgepfl\u00fcckt, diese in Wasser gekocht und dann griechische <a href=\"https:\/\/de.wikipedia.org\/wiki\/Dolma\" target=\"_blank\" rel=\"noopener noreferrer\">Dolmades<\/a> von gemacht \u2013 k\u00f6stlich. So geht Sommer \u2013 da darf es auch schon mal regnen \u2013 gibt sogar herrliche Regenbogen (<a href=\"https:\/\/borncity.eu\/senioren\/2019\/05\/20\/ein-regenbogen-am-sonntag-im-mai\/\">Ein (Doppel-)Regenbogen am Sonntag im Mai<\/a>).  <\/p>\n<p><strong>\u00c4hnliche Artikel:<br \/><\/strong><a href=\"https:\/\/borncity.eu\/senioren\/2019\/05\/24\/alles-in-richtung-sommer-2019\/\">Alles Marsch, in Richtung Sommer 2019<\/a><br \/><a href=\"https:\/\/borncity.eu\/senioren\/2018\/09\/18\/johannisbeeren-ein-wahrer-fettkiller\/\">Johannisbeeren, ein wahrer Fettkiller<\/a><br \/><a href=\"https:\/\/borncity.eu\/senioren\/2017\/06\/26\/sommer-klatschmohnzeit\/\">Sommerzeit \u2013 Klatschmohnzeit<\/a><br \/><a href=\"https:\/\/borncity.eu\/senioren\/2019\/02\/27\/im-heim-pflanzen-und-grten-wirken-antidepressiv\/\">Im Heim: Pflanzen und G\u00e4rten wirken antidepressiv<\/a><br \/><a href=\"https:\/\/borncity.eu\/senioren\/2017\/07\/10\/urbanes-grtnern-ich-habe-meinen-eigenen-salat\/\">Urbanes G\u00e4rtnern \u2013 ich ziehe meinen eigenen Salat<\/a><br \/><a href=\"https:\/\/borncity.eu\/senioren\/2018\/07\/17\/sommer-sonne-sonnenblumen\/\">Sommer, Sonne, Sonnenblumen<\/a><br \/><a href=\"https:\/\/borncity.eu\/senioren\/2018\/07\/01\/sommer-sonne-wassermelone\/\">Sommer, Sonne, Wassermelone<\/a><br \/><a href=\"https:\/\/borncity.eu\/senioren\/2017\/08\/14\/impressionen-vom-sommergarten-malven-und-mehr\/\">Impressionen vom Sommergarten: Malven, Zinnien und mehr<\/a><br \/><a href=\"https:\/\/borncity.eu\/senioren\/2017\/08\/13\/impressionen-vom-sommergarten-lilien\/\">Impressionen vom Sommergarten: Lilien<\/a><br \/><a href=\"https:\/\/borncity.eu\/senioren\/2016\/06\/25\/ein-schnipsel-sommer-2016\/\">Ein Schnipsel Sommer 2016 \u2026<\/a><br \/><a href=\"https:\/\/borncity.eu\/senioren\/2017\/08\/11\/sommerimpressionen-springkraut\/\">Sommerimpressionen: Springkraut<\/a><br \/><a href=\"https:\/\/borncity.eu\/senioren\/2017\/07\/07\/kornblume-es-ist-hochsommer\/\">Kornblume \u2013 es ist Hochsommer<\/a><br \/><a href=\"https:\/\/borncity.eu\/senioren\/2017\/06\/28\/sommerzeit-grngelb\/\">Sommerzeit \u2013 gr\u00fcn\/gelb<\/a><br \/><a href=\"https:\/\/borncity.eu\/senioren\/2018\/06\/10\/sommer-2018-offene-gartenpforte\/\">Sommer 2018 \u2013 Offene Gartenpforte<\/a><br \/><a href=\"https:\/\/borncity.eu\/senioren\/2016\/09\/18\/sptsommer-rheingau\/\">Sp\u00e4tsommer \u2013 Rheingau<\/a><br \/><a href=\"https:\/\/borncity.eu\/senioren\/2016\/09\/19\/sptsommer-krbisblte\/\">Sp\u00e4tsommer \u2013 K\u00fcrbisbl\u00fcte<\/a><br \/><a href=\"https:\/\/borncity.eu\/senioren\/2016\/09\/26\/sptsommer-am-bodensee\/\">Sp\u00e4tsommer am Bodensee<\/a><br \/><a href=\"https:\/\/borncity.eu\/senioren\/2016\/09\/16\/sonnenaufgang-am-sptsommer-morgen\/\">Sonnenaufgang am Sp\u00e4tsommer-Morgen<\/a><br \/><a href=\"https:\/\/borncity.eu\/senioren\/2016\/09\/14\/sptsommer-sonnenblumen\/\">Sp\u00e4tsommer\u2013Sonnenblumen<\/a><br \/><a href=\"https:\/\/borncity.eu\/senioren\/2016\/09\/15\/sptsommer-sonnenblumen-ii\/\">Sp\u00e4tsommer \u2013 Sonnenblumen II<\/a><br \/><a href=\"https:\/\/borncity.eu\/senioren\/2016\/09\/13\/sptsommer-himmelskreuze\/\">Sp\u00e4tsommer \u2013 Himmelskreuze<\/a><br \/><a href=\"https:\/\/borncity.eu\/senioren\/2016\/08\/18\/sommer-sonnenblumen-und-gewitterzeit\/\">Sommer, Sonnenblumen und Gewitterzeit<\/a><br \/><a href=\"https:\/\/borncity.eu\/senioren\/2016\/08\/09\/sommer-2016-maisfeld\/\">Sommer 2016 \u2013 Maisfeld<\/a><\/p>\n<p><a href=\"https:\/\/borncity.eu\/senioren\/2016\/07\/16\/impressionen-vom-sommer-i\/\">Impressionen vom Sommer I<\/a><br \/><a href=\"https:\/\/borncity.eu\/senioren\/2016\/07\/17\/impressionen-vom-sommer-ii\/\">Impressionen vom Sommer II<\/a><br \/><a href=\"https:\/\/borncity.eu\/senioren\/2016\/07\/18\/impressionen-vom-sommer-iii\/\">Impressionen vom Sommer III<\/a><br \/><a href=\"https:\/\/borncity.eu\/senioren\/2016\/07\/19\/impressionen-vom-sommer-iv\/\">Impressionen vom Sommer IV<\/a><br \/><a href=\"https:\/\/borncity.eu\/senioren\/2016\/07\/20\/impressionen-vom-sommer-v\/\">Impressionen vom Sommer V<\/a><br \/><a href=\"https:\/\/borncity.eu\/senioren\/2016\/07\/21\/impressionen-vom-sommer-vi\/\">Impressionen vom Sommer VI<\/a><br \/><a href=\"https:\/\/borncity.eu\/senioren\/2016\/07\/22\/impressionen-vom-sommer-vii\/\">Impressionen vom Sommer VII<\/a><br \/><a href=\"https:\/\/borncity.eu\/senioren\/2016\/07\/23\/impressionen-vom-sommer-viii\/\">Impressionen vom Sommer VIII<\/a><br \/><a href=\"https:\/\/borncity.eu\/senioren\/2016\/07\/24\/impressionen-vom-sommer-ix\/\">Impressionen vom Sommer IX<\/a><br \/><a href=\"https:\/\/borncity.eu\/senioren\/2016\/07\/25\/impressionen-vom-sommer-x\/\">Impressionen vom Sommer X<\/a><br \/><a href=\"https:\/\/borncity.eu\/senioren\/2016\/07\/26\/impressionen-vom-sommer-xi\/\">Impressionen vom Sommer XI<\/a><br \/><a href=\"https:\/\/borncity.eu\/senioren\/2016\/07\/27\/impressionen-vom-sommer-xii\/\">Impressionen vom Sommer XII<\/a><br \/><a href=\"https:\/\/borncity.eu\/senioren\/2016\/08\/02\/impressionen-vom-sommer-xiii\/\">Impressionen vom Sommer XIII<\/a><\/p>\n","protected":false},"excerpt":{"rendered":"<p>Gerade regnet es zwar in Str\u00f6men \u2013 typischer Schauer im Juni \u2013 aber es ist Sommer. Unser Garten hat sich in eine Wildnis aus Blumen, Gr\u00e4sern und Pflanzen verwandelt, in der sich V\u00f6gel und Insekten wohl f\u00fchlen.<\/p>\n","protected":false},"author":1,"featured_media":0,"comment_status":"open","ping_status":"open","sticky":false,"template":"","format":"standard","meta":{"footnotes":""},"categories":[18,13],"tags":[19,119,247],"class_list":["post-9485","post","type-post","status-publish","format-standard","hentry","category-foto","category-natur","tag-foto","tag-natur","tag-sommer"],"_links":{"self":[{"href":"https:\/\/borncity.eu\/senioren\/wp-json\/wp\/v2\/posts\/9485","targetHints":{"allow":["GET"]}}],"collection":[{"href":"https:\/\/borncity.eu\/senioren\/wp-json\/wp\/v2\/posts"}],"about":[{"href":"https:\/\/borncity.eu\/senioren\/wp-json\/wp\/v2\/types\/post"}],"author":[{"embeddable":true,"href":"https:\/\/borncity.eu\/senioren\/wp-json\/wp\/v2\/users\/1"}],"replies":[{"embeddable":true,"href":"https:\/\/borncity.eu\/senioren\/wp-json\/wp\/v2\/comments?post=9485"}],"version-history":[{"count":0,"href":"https:\/\/borncity.eu\/senioren\/wp-json\/wp\/v2\/posts\/9485\/revisions"}],"wp:attachment":[{"href":"https:\/\/borncity.eu\/senioren\/wp-json\/wp\/v2\/media?parent=9485"}],"wp:term":[{"taxonomy":"category","embeddable":true,"href":"https:\/\/borncity.eu\/senioren\/wp-json\/wp\/v2\/categories?post=9485"},{"taxonomy":"post_tag","embeddable":true,"href":"https:\/\/borncity.eu\/senioren\/wp-json\/wp\/v2\/tags?post=9485"}],"curies":[{"name":"wp","href":"https:\/\/api.w.org\/{rel}","templated":true}]}}