{"id":9566,"date":"2019-07-01T10:09:44","date_gmt":"2019-07-01T08:09:44","guid":{"rendered":"https:\/\/borncity.com\/senioren\/?p=9566"},"modified":"2023-05-21T08:04:15","modified_gmt":"2023-05-21T06:04:15","slug":"audi-das-kba-die-politik-und-der-dieselskandal","status":"publish","type":"post","link":"https:\/\/borncity.eu\/senioren\/2019\/07\/01\/audi-das-kba-die-politik-und-der-dieselskandal\/","title":{"rendered":"Audi, das KBA, die Politik und der Dieselskandal"},"content":{"rendered":"<p><img decoding=\"async\" style=\"float: left; margin: 0px 10px 0px 0px; display: inline;\" src=\"https:\/\/www.borncity.com\/blog\/wp-content\/uploads\/2015\/01\/Stop.jpg\" \/>Es ist eine \u00e4u\u00dferst brisante Geschichte, die gerade bekannt wird. Der Autohersteller Audio hat mit den unzul\u00e4ssigen Abschalteinrichtungen in Dieselfahrzeugen viel fr\u00fcher als bekannt und in viel gr\u00f6\u00dferem Umfang als bisher bekannt, angefangen. Und das Kraftfahrtbundesamt (KBA) 'mauschelt' da scheinbar mit.<\/p>\n<p><!--more--><\/p>\n<p><img loading=\"lazy\" decoding=\"async\" src=\"https:\/\/vg01.met.vgwort.de\/na\/bcf0e22efc9b4c10a894a2244015f839\" alt=\"\" width=\"1\" height=\"1\" \/>Ich bin heute beim Fr\u00fchst\u00fcck \u00fcber ein Radio-Interview auf das Thema aufmerksam geworden. Ein Redakteur des Handelsblatte berichtete \u00fcber die Recherchen des Magazins zum Dieselskandal, die man gemeinsam mit dem bayrischen Rundfunk (BR) unternommen hat. Die Kurzfassung ist schnell erz\u00e4hlt:<\/p>\n<ul>\n<li>Bereits am 16. Mai 2003 verschickte ein Audi-Manager aus der Softwareentwicklung eine Mail an Kollegen, in der \u00fcber 'verbotene Abschalteinrichtungen' in der Motorensteuerung <a href=\"https:\/\/www.br.de\/nachrichten\/wirtschaft\/ein-gedicht-ueber-manipulationen-bei-audi-vor-dem-dieselskandal,RUsOz71\" target=\"_blank\" rel=\"noopener noreferrer\">dichtete<\/a>.<\/li>\n<li>Das hei\u00dft, 12 Jahre vor Bekanntwerden des Dieselskandals in den USA war man bei Audi \u00fcber die verbotenen Abschalteinrichtungen informiert. Es war ein 'offenes Geheimnis' bei Audi und man lachte \u00fcber die US-Beh\u00f6rde Carb.<\/li>\n<li>Und Audio lieferte flei\u00dfig Motoren an andere Firmen (VW, Porsche). In manchen Motoren waren gleich mehrere dieser verbotenen Abschalteinrichtungen f\u00fcr die Abgasreinigung verbaut.<\/li>\n<li>Das Kraftfahrtbundesamt hat bis heute keine Konsequenzen gezogen, einen R\u00fcckruf der Euro-4-Diesel gibt es bisher nicht. Lediglich eine Abschalteinrichtung von mehreren wurde vom KBA bestandet und muss ausgebaut werden.<\/li>\n<\/ul>\n<p><img decoding=\"async\" title=\"VW-K\u00e4fer\" src=\"https:\/\/borncity.eu\/senioren\/wp-content\/uploads\/2023\/05\/FsKkrZe.jpg\" alt=\"VW-K\u00e4fer\" \/><br \/>\n(Quelle: Pexels <a href=\"https:\/\/www.pexels.com\/u\/weekendplayer\/\">Burak Kebapci<\/a> CC0 License)<\/p>\n<p>Im Radio-Interview kam heraus, dass das Kraftfahrtbundesamt von mehreren verbotenen Abschalteinrichtungen nur eine beanstandete. Mittlerweile laufen staatsanwaltliche Ermittlungen gegen das KBA wegen Strafvereitelung. Das Handelsblatt belegt, dass der damalige bayrische Bundesverkehrsminister Alexander Dobrindt (CSU) 'von Anfang an darauf aus war, den Herstellern zur Seite zu stehen'. (Da war doch auch was mit der PKW-Maut, wo der Steuerzahler ebenfalls das Staatsversagen eines bayrischen CSU-Verkehrsministers ausbaden muss.) Das schein ein einziger gro\u00dfer Sumpf zu sein. Das Handelsblatt und der Bayrische Rundfunk haben 80.000 Dokumente f\u00fcr die Recherche durchgesehen. Artikel sind im <a href=\"https:\/\/web.archive.org\/web\/20230325215229\/https:\/\/www.handelsblatt.com\/unternehmen\/industrie\/der-vw-konzern-im-dieselskandal-warum-das-kba-bei-audi-so-lange-weggesehen-hat\/24505576.html\" target=\"_blank\" rel=\"noopener noreferrer\">Handelsblatt<\/a> und beim <a href=\"https:\/\/www.br.de\/nachrichten\/wirtschaft\/abgas-manipulationen-schon-lange-ein-offenes-geheimnis-bei-audi,RUu0EWf\" target=\"_blank\" rel=\"noopener noreferrer\">Bayrischen Rundfunk<\/a> online abrufbar \u2013 und die K\u00e4ufer von Dieselautos m\u00fcssen ihre Rechte individuell einklagen \u2013 was der zweite Skandal ist. Erg\u00e4nzung: Das Magazin heise hat <a href=\"https:\/\/www.heise.de\/newsticker\/meldung\/Diesel-Skandal-Kraftfahrt-Bundesamt-soll-bei-Audi-Augen-zugedrueckt-haben-4458135.html\" target=\"_blank\" rel=\"noopener noreferrer\">hier<\/a> einen nette Zusammenfassung ver\u00f6ffentlicht.<\/p>\n<p><strong>\u00c4hnliche Artikel:<br \/>\n<\/strong><a href=\"https:\/\/borncity.eu\/senioren\/2017\/11\/07\/15-000-dieselfahrer-beteiligen-sich-an-klage-gegen-vw\/\">15.000 Dieselfahrer beteiligen sich an Klage gegen VW<\/a><br \/>\n<a href=\"https:\/\/borncity.eu\/senioren\/2017\/10\/24\/diesel-falle-fr-leasing-nehmer\/\">Diesel-Falle f\u00fcr Leasing-Nehmer<\/a><br \/>\n<a href=\"https:\/\/borncity.eu\/senioren\/2017\/09\/19\/vw-hndler-sehen-software-update-fr-diesel-kritisch\/\">VW-H\u00e4ndler sehen Software-Update f\u00fcr Diesel kritisch<\/a><br \/>\n<a href=\"https:\/\/borncity.eu\/senioren\/2017\/08\/28\/software-updates-bei-diesel-pkws-bringen-nichts\/\">Software-Updates bei Diesel-PKWs bringen nichts<\/a><br \/>\n<a href=\"https:\/\/borncity.eu\/senioren\/2016\/11\/27\/vw-abgasskandal-betriebserlaubnis-erloschen\/\">VW-Abgasskandal: Betriebserlaubnis erloschen<\/a><br \/>\n<a href=\"https:\/\/borncity.eu\/senioren\/2017\/12\/20\/dieselskandal-vw-kufern-droht-verjhrung\/\">Dieselskandal: VW-K\u00e4ufern droht Verj\u00e4hrung<\/a><br \/>\n<a href=\"https:\/\/borncity.eu\/senioren\/2019\/04\/29\/indien-dieselfahrzeuge-vor-dem-aus\/\">Indien: Dieselfahrzeuge vor dem Aus?<\/a><\/p>\n","protected":false},"excerpt":{"rendered":"<p>Es ist eine \u00e4u\u00dferst brisante Geschichte, die gerade bekannt wird. Der Autohersteller Audio hat mit den unzul\u00e4ssigen Abschalteinrichtungen in Dieselfahrzeugen viel fr\u00fcher als bekannt und in viel gr\u00f6\u00dferem Umfang als bisher bekannt, angefangen. Und das Kraftfahrtbundesamt (KBA) 'mauschelt' da scheinbar &hellip; <a href=\"https:\/\/borncity.eu\/senioren\/2019\/07\/01\/audi-das-kba-die-politik-und-der-dieselskandal\/\">Weiterlesen <span class=\"meta-nav\">&rarr;<\/span><\/a><\/p>\n","protected":false},"author":1,"featured_media":0,"comment_status":"open","ping_status":"open","sticky":false,"template":"","format":"standard","meta":{"footnotes":""},"categories":[655],"tags":[628],"class_list":["post-9566","post","type-post","status-publish","format-standard","hentry","category-technik","tag-dieselskandal"],"_links":{"self":[{"href":"https:\/\/borncity.eu\/senioren\/wp-json\/wp\/v2\/posts\/9566","targetHints":{"allow":["GET"]}}],"collection":[{"href":"https:\/\/borncity.eu\/senioren\/wp-json\/wp\/v2\/posts"}],"about":[{"href":"https:\/\/borncity.eu\/senioren\/wp-json\/wp\/v2\/types\/post"}],"author":[{"embeddable":true,"href":"https:\/\/borncity.eu\/senioren\/wp-json\/wp\/v2\/users\/1"}],"replies":[{"embeddable":true,"href":"https:\/\/borncity.eu\/senioren\/wp-json\/wp\/v2\/comments?post=9566"}],"version-history":[{"count":1,"href":"https:\/\/borncity.eu\/senioren\/wp-json\/wp\/v2\/posts\/9566\/revisions"}],"predecessor-version":[{"id":22446,"href":"https:\/\/borncity.eu\/senioren\/wp-json\/wp\/v2\/posts\/9566\/revisions\/22446"}],"wp:attachment":[{"href":"https:\/\/borncity.eu\/senioren\/wp-json\/wp\/v2\/media?parent=9566"}],"wp:term":[{"taxonomy":"category","embeddable":true,"href":"https:\/\/borncity.eu\/senioren\/wp-json\/wp\/v2\/categories?post=9566"},{"taxonomy":"post_tag","embeddable":true,"href":"https:\/\/borncity.eu\/senioren\/wp-json\/wp\/v2\/tags?post=9566"}],"curies":[{"name":"wp","href":"https:\/\/api.w.org\/{rel}","templated":true}]}}