{"id":9576,"date":"2019-07-03T11:15:14","date_gmt":"2019-07-03T09:15:14","guid":{"rendered":"https:\/\/borncity.com\/senioren\/?p=9576"},"modified":"2019-07-03T11:17:44","modified_gmt":"2019-07-03T09:17:44","slug":"der-klimawandel-ist-im-rollen","status":"publish","type":"post","link":"https:\/\/borncity.eu\/senioren\/2019\/07\/03\/der-klimawandel-ist-im-rollen\/","title":{"rendered":"Der Klimawandel ist im Rollen"},"content":{"rendered":"<p><img loading=\"lazy\" decoding=\"async\" title=\"Stromnetz\" style=\"float: left; margin: 0px 10px 0px 0px; display: inline\" alt=\"Stromnetz\" src=\"https:\/\/i.imgur.com\/92FGKAv.jpg\" width=\"194\" align=\"left\" height=\"120\">Auch wenn es immer noch bestritten wird, aber die Anzeichen, dass der Klimawandel eingesetzt hat, mehren sich. Hitzerekorde in Deutschland, in Europa und weltweit. Wassermangel in deutschen Kommunen. Und das deutsche Stromnetz hatte im Juni an 3 Tagen zu wenig Strom.<\/p>\n<p><!--more--><\/p>\n<p>Zum Montag wurden wir hier in der Gemeinde durch Lautsprecherdurchsagen der Feuerwehr aufgeschreckt. Es war erst ein paar Tage hei\u00df, und schon drohte der Notstand bei der Trinkwasserversorgung. <a href=\"https:\/\/www.kelkheim.de\/_rubric\/detail.php?rubric=DE+Aktuelles-und-Bekanntmachungen&amp;nr=8299\" target=\"_blank\" rel=\"noopener noreferrer\">Hier die entsprechende Meldung<\/a> der Stadt Kelkheim.<\/p>\n<h2>Zeitweise zu wenig Strom<\/h2>\n<p>Im Juni 2019 kam es gleich an mehreren Tagen im deutschen Stromnetz zu kritischen Situationen, weil zeitweise weniger Strom als ben\u00f6tigt produziert wurde. Laut Bundesnetzagentur gab es aber keine Gefahr f\u00fcr einen Blackout. \"Es bestand keine Gefahr f\u00fcr die sichere Stromversorgung in Deutschland\", teilte ein Beh\u00f6rdensprecher mit. Die Ursachen kennt man noch nicht. Details lassen sich <a href=\"https:\/\/www.heise.de\/newsticker\/meldung\/Zeitweise-zu-wenig-Strom-im-deutschen-Netz-4460898.html\" target=\"_blank\" rel=\"noopener noreferrer\">hier<\/a> nachlesen. <\/p>\n<p><img decoding=\"async\" title=\"Stromnetz\" alt=\"Stromnetz\" src=\"https:\/\/i.imgur.com\/92FGKAv.jpg\"><br \/>(Quelle: Pexels <a href=\"https:\/\/www.pexels.com\/photo\/sky-sunset-sun-twilight-46169\/\">Pixabay<\/a>&nbsp; CC0 License) <\/p>\n<h2>Hitzerecord in Deutschland, Europa und weltweit<\/h2>\n<p>Im Juni 2019 wurden weltweit Rekordtemperaturen gemessen \u2013 diese lagen durchschnittlich 0,1 Grad h\u00f6her als im Rekordmonat Juni 2016. Das geht aus den Wetterdaten des <a href=\"https:\/\/climate.copernicus.eu\/record-breaking-temperatures-june\" target=\"_blank\" rel=\"noopener noreferrer\">Copernicus Climate Change Service (C3S)<\/a> hervor. <\/p>\n<p>Die ver\u00f6ffentlichten Daten zeigen, dass die europ\u00e4ische Durchschnittstemperatur f\u00fcr Juni 2019 h\u00f6her war als f\u00fcr jeden anderen erfassten Juni. Die Durchschnittstemperaturen lagen mehr als 2\u00b0C \u00fcber dem Normalwert und es ist der hei\u00dfeste Juni aller Zeiten.<\/p>\n<p>Obwohl die Hitzewelle nicht so hartn\u00e4ckig wie im Sommer 2018 war, gilt die kurze Hitzewelle im Juni 2019, verursacht durch eine Masse an hei\u00dfer Luft aus der Sahara, als intensiv. Die f\u00fcnf Tage mit ungew\u00f6hnlich hohen Temperaturen folgten auf Tage mit rekordverd\u00e4chtigen Temperaturen weiter \u00f6stlich in Europa. Dies f\u00fchrte dazu, dass der Gesamtmonat rund 1\u00b0C \u00fcber dem bisherigen Rekord f\u00fcr Juni 1999 und rund 1\u00b0C \u00fcber den Erwartungen des Trends der letzten Jahrzehnte lag.<\/p>\n<p><img loading=\"lazy\" decoding=\"async\" title=\"Map showing the anomalies in temperature (&deg;C) estimated from ERA5 during the 5-day period of 25-29 June 2019\" alt=\"Map showing the anomalies in temperature (&deg;C) estimated from ERA5 during the 5-day period of 25-29 June 2019\" src=\"https:\/\/climate.copernicus.eu\/sites\/default\/files\/inline-images\/map_era5_daily_t2m_anom_europe_25-29_Jun_2019_land_only.png\" width=\"622\" height=\"575\"><br \/><em>Karte mit den aus ERA5 gesch\u00e4tzten Temperaturanomalien (\u00b0C) w\u00e4hrend des 5-Tage-Zeitraums vom 25. bis 29. Juni 2019.  (Credit: ECMWF, Copernicus Climate Change Service).<\/em><\/p>\n<p>Weitere Informationen aus dem Bericht lassen sich in deutscher Sprache in <a href=\"https:\/\/www.heise.de\/newsticker\/meldung\/Heissester-Juni-Hitzerekord-in-Deutschland-Europa-und-auf-der-Erde-4461180.html\" target=\"_blank\" rel=\"noopener noreferrer\">diesem Artikel<\/a> nachlesen. <\/p>\n","protected":false},"excerpt":{"rendered":"<p>Auch wenn es immer noch bestritten wird, aber die Anzeichen, dass der Klimawandel eingesetzt hat, mehren sich. Hitzerekorde in Deutschland, in Europa und weltweit. Wassermangel in deutschen Kommunen. Und das deutsche Stromnetz hatte im Juni an 3 Tagen zu wenig &hellip; <a href=\"https:\/\/borncity.eu\/senioren\/2019\/07\/03\/der-klimawandel-ist-im-rollen\/\">Weiterlesen <span class=\"meta-nav\">&rarr;<\/span><\/a><\/p>\n","protected":false},"author":1,"featured_media":0,"comment_status":"open","ping_status":"open","sticky":false,"template":"","format":"standard","meta":{"footnotes":""},"categories":[13],"tags":[119],"class_list":["post-9576","post","type-post","status-publish","format-standard","hentry","category-natur","tag-natur"],"_links":{"self":[{"href":"https:\/\/borncity.eu\/senioren\/wp-json\/wp\/v2\/posts\/9576","targetHints":{"allow":["GET"]}}],"collection":[{"href":"https:\/\/borncity.eu\/senioren\/wp-json\/wp\/v2\/posts"}],"about":[{"href":"https:\/\/borncity.eu\/senioren\/wp-json\/wp\/v2\/types\/post"}],"author":[{"embeddable":true,"href":"https:\/\/borncity.eu\/senioren\/wp-json\/wp\/v2\/users\/1"}],"replies":[{"embeddable":true,"href":"https:\/\/borncity.eu\/senioren\/wp-json\/wp\/v2\/comments?post=9576"}],"version-history":[{"count":0,"href":"https:\/\/borncity.eu\/senioren\/wp-json\/wp\/v2\/posts\/9576\/revisions"}],"wp:attachment":[{"href":"https:\/\/borncity.eu\/senioren\/wp-json\/wp\/v2\/media?parent=9576"}],"wp:term":[{"taxonomy":"category","embeddable":true,"href":"https:\/\/borncity.eu\/senioren\/wp-json\/wp\/v2\/categories?post=9576"},{"taxonomy":"post_tag","embeddable":true,"href":"https:\/\/borncity.eu\/senioren\/wp-json\/wp\/v2\/tags?post=9576"}],"curies":[{"name":"wp","href":"https:\/\/api.w.org\/{rel}","templated":true}]}}