{"id":9867,"date":"2019-08-04T11:21:06","date_gmt":"2019-08-04T09:21:06","guid":{"rendered":"https:\/\/borncity.com\/senioren\/?p=9867"},"modified":"2023-08-02T00:31:47","modified_gmt":"2023-08-01T22:31:47","slug":"seniorenausflug-nach-wacken-zum-open-air-konzert","status":"publish","type":"post","link":"https:\/\/borncity.eu\/senioren\/2019\/08\/04\/seniorenausflug-nach-wacken-zum-open-air-konzert\/","title":{"rendered":"Seniorenausflug nach Wacken zum Open Air-Konzert"},"content":{"rendered":"<p>Na bitte, geht doch noch. Eine ganze Busladung Senioren hat einen Ausflug nach Wacken zum Open Air Konzert unternommen, wie ich diversen Presseberichten entnehmen konnte. <\/p>\n<p><!--more--><\/p>\n<p>Wacken ist ein kleiner Ort in Schleswig-Holstein, der f\u00fcr das j\u00e4hrlich stattfindende Heavy Metal Open Air Konzert weltweit bekannt ist. Das <a href=\"https:\/\/de.wikipedia.org\/wiki\/Wacken_Open_Air\" target=\"_blank\" rel=\"noopener noreferrer\">Wacken Open Air<\/a> findest dieses Jahr vom 1. bis 3. August 2019 statt. Die Erstveranstaltung war im Jahr 1990. Die Telekom \u00fcbertr\u00e4gt ausgesuchte Konzerte live, wie ich dr\u00fcben im IT-Blog im Artikel <a href=\"https:\/\/www.borncity.com\/blog\/2019\/07\/31\/wacken-open-air-im-kostenlosen-telekom-livestream\/\">Wacken Open Air im kostenlosen Telekom-Livestream<\/a> berichtete. <\/p>\n<p>Ist normalerweise nur was f\u00fcr junge Leute \u2013 unsereins hat halt R\u00fccken. Aber die 'Generation Heavy Metal' wechselt langsam ins Altenheim, da muss man was tun. Also Fernseher aufgestellen und Wacken Open Air schauen? Das auch! Aber \u2026<\/p>\n<p><img decoding=\"async\" title=\"Senioren auf dem Weg zum  Wacken Open Air\" alt=\"Senioren auf dem Weg zum  Wacken Open Air\" src=\"https:\/\/i.imgur.com\/Y4QvdUw.jpg\"><br \/>(Senioren auf dem Weg zum&nbsp; Wacken Open Air, Quelle: Screenshot RTL-Bericht)<\/p>\n<p>Einigen Bewohnern eines Seniorenheims 'Haus am Park' in Heide ist das aber nicht genug. Die wollen schlicht Open Air-Luft schnuppern und haben sich einen Bus gechartert, der sie zum Festival-Gel\u00e4nde gebracht hat. Organisiert wird das vom DRK, die diese Fahrt zum sechsten Mal organisieren. <\/p>\n<p>Einige der Klientel, bis zum Alter von 95, sind bereits zum dritten Mal auf dem Wacken-Ausflug 2019 dabei. Gut, die Damen und Herren 70+ h\u00e4ngen nicht mehr den ganzen Tag auf dem Festival ab oder n\u00e4chtigen in Zelten. Mit dem Rollator \u00fcber die Wiese und ab zur B\u00fchne w\u00e4re auch etwas beschwerlich. Aber Open Air-Festival-Impressionen erleben geht auch mit 95 noch. <\/p>\n<blockquote class=\"twitter-tweet\">\n<p lang=\"de\" dir=\"ltr\">Zwei Senioren besuchen nachts das Wacken-Festival. Die Polizei eskortiert sie ins Altersheim zur\u00fcck. Ist das als selbstverst\u00e4ndlich hinzunehmen? Nein. <a href=\"https:\/\/t.co\/ATvcx1N0Xx\">https:\/\/t.co\/ATvcx1N0Xx<\/a> via <a href=\"https:\/\/twitter.com\/tazgezwitscher?ref_src=twsrc%5Etfw\">@tazgezwitscher<\/a><\/p>\n<p>\u2014 aR1ech (@aR1ech) <a href=\"https:\/\/twitter.com\/aR1ech\/status\/1156783479037648897?ref_src=twsrc%5Etfw\">August 1, 2019<\/a><\/p><\/blockquote>\n<p><script async src=\"https:\/\/platform.twitter.com\/widgets.js\" charset=\"utf-8\"><\/script>  <\/p>\n<p>Der Sender SWR3 hat <a href=\"https:\/\/web.archive.org\/web\/20190802181419\/https:\/\/www.swr3.de\/aktuell\/nachrichten\/Metal-kennt-kein-Alter-Seniorenheim-besucht-das-Wacken-Open-Air\/-\/id=47428\/did=5177470\/1boz9es\/index.html\" target=\"_blank\" rel=\"noopener noreferrer\">hier<\/a> eine nette Hintergrundgeschichte ver\u00f6ffentlicht. Dort erf\u00e4hrt man, wie das alles zustande kam. Das obige Bild ist ein Screenshot des von RTL <a href=\"https:\/\/web.archive.org\/web\/20210306030735\/https:\/\/www.rtl.de\/cms\/heavy-metal-bus-mit-95-jahren-nach-wacken-4380912.html\" target=\"_blank\" rel=\"noopener noreferrer\">ver\u00f6ffentlichten Artikels<\/a> zeigt ein Foto aus dem DRK-Reisebus mit den Ausfl\u00fcglern 70+ \u2013 mehr Impressionen von Wacken gibt <a href=\"https:\/\/www.spiegel.de\/fotostrecke\/wacken-open-air-yoga-gewitter-und-ganz-viel-metal-fotostrecke-169973-3.html\" target=\"_blank\" rel=\"noopener noreferrer\">bei SPON<\/a> (einfach bis zum Bild 4 durchklicken). Der RTL-Beitrag verr\u00e4t, dass die \u00e4lteste Teilnehmerin des 'Ausflugs' ganze 95 J\u00e4hrchen jung ist. Na denne, macht Mut auf die n\u00e4chsten Jahrzehnte \u2013 die Pommesgabel bek\u00e4me ich mit etwas \u00dcbung auch noch hin. <\/p>\n","protected":false},"excerpt":{"rendered":"<p>Na bitte, geht doch noch. Eine ganze Busladung Senioren hat einen Ausflug nach Wacken zum Open Air Konzert unternommen, wie ich diversen Presseberichten entnehmen konnte.<\/p>\n","protected":false},"author":1,"featured_media":0,"comment_status":"open","ping_status":"open","sticky":false,"template":"","format":"standard","meta":{"footnotes":""},"categories":[610],"tags":[112],"class_list":["post-9867","post","type-post","status-publish","format-standard","hentry","category-musik","tag-musik"],"_links":{"self":[{"href":"https:\/\/borncity.eu\/senioren\/wp-json\/wp\/v2\/posts\/9867","targetHints":{"allow":["GET"]}}],"collection":[{"href":"https:\/\/borncity.eu\/senioren\/wp-json\/wp\/v2\/posts"}],"about":[{"href":"https:\/\/borncity.eu\/senioren\/wp-json\/wp\/v2\/types\/post"}],"author":[{"embeddable":true,"href":"https:\/\/borncity.eu\/senioren\/wp-json\/wp\/v2\/users\/1"}],"replies":[{"embeddable":true,"href":"https:\/\/borncity.eu\/senioren\/wp-json\/wp\/v2\/comments?post=9867"}],"version-history":[{"count":1,"href":"https:\/\/borncity.eu\/senioren\/wp-json\/wp\/v2\/posts\/9867\/revisions"}],"predecessor-version":[{"id":23057,"href":"https:\/\/borncity.eu\/senioren\/wp-json\/wp\/v2\/posts\/9867\/revisions\/23057"}],"wp:attachment":[{"href":"https:\/\/borncity.eu\/senioren\/wp-json\/wp\/v2\/media?parent=9867"}],"wp:term":[{"taxonomy":"category","embeddable":true,"href":"https:\/\/borncity.eu\/senioren\/wp-json\/wp\/v2\/categories?post=9867"},{"taxonomy":"post_tag","embeddable":true,"href":"https:\/\/borncity.eu\/senioren\/wp-json\/wp\/v2\/tags?post=9867"}],"curies":[{"name":"wp","href":"https:\/\/api.w.org\/{rel}","templated":true}]}}