{"id":9886,"date":"2019-08-07T00:53:00","date_gmt":"2019-08-06T22:53:00","guid":{"rendered":"https:\/\/borncity.com\/senioren\/?p=9886"},"modified":"2024-07-26T23:14:23","modified_gmt":"2024-07-26T21:14:23","slug":"tiny-house-camper-frs-fahrrad","status":"publish","type":"post","link":"https:\/\/borncity.eu\/senioren\/2019\/08\/07\/tiny-house-camper-frs-fahrrad\/","title":{"rendered":"Tiny House, Camper f&uuml;rs Fahrrad"},"content":{"rendered":"<p>Gerade bin ich auf Facebook auf eine witzige L\u00f6sung f\u00fcr Vielreisende gesto\u00dfen. Ein Wohnmobilaufsatz (oder Camper bzw. ein sogenanntes kleines Haus, Tiny House), der auf ein Fahrrad (Dreirad) passt. War mal eine Kunstinstallation von Kevin Cyr \u2013 aber bei meinen Recherchen bin ich dann auf Praxisl\u00f6sungen wie den Wide Path Camper in Form eines Camping-Anh\u00e4ngers f\u00fcr Radfahrer gesto\u00dfen. Coole Sache.<\/p>\n<p><!--more--><\/p>\n<p><img loading=\"lazy\" decoding=\"async\" src=\"https:\/\/vg08.met.vgwort.de\/na\/63ff9a1fab954eaa84873aee28e3082e\" alt=\"\" width=\"1\" height=\"1\" \/>Gut, das Thema ist eher nix f\u00fcr Generation 70+, aber es gibt ja auch die Leute in den <a href=\"https:\/\/de.wikipedia.org\/wiki\/Die_wilden_F%C3%BCnfziger\" target=\"_blank\" rel=\"noopener noreferrer\">roaring fifties<\/a>, die es noch mal wissen wollen. Von daher, in meinem Alter bin ich aus dem Thema heraus und zu den Campern geh\u00f6re ich auch nicht \u2013 habe allerdings mehrere Urlaube am Lago Maggiore auf einem Camping-Platz (allerdings in einem H\u00e4uschen) verbracht. Interessant, den Campern aus D und NL vom Balkon aus zuzusehen.<\/p>\n<p>F\u00fcr Leute, die lieber per Fahrrad unterwegs sind, kam bisher nur ein Zelt und ein kleiner Anh\u00e4nger f\u00fcr das Gep\u00e4ck infrage. Aber es gibt L\u00f6sungen, die quasi einen kleinen Camper f\u00fcr eine Person auf ein Fahrrad packen. Ich bin k\u00fcrzlich durch Facebook auf das Thema aufmerksam geworden und habe ein wenig recherchiert. Sucht man nach 'Tiny House Bike' wird man sofort f\u00fcndig.<\/p>\n<h2>Kevin Cyr und sein Camper-Bike<\/h2>\n<p><a href=\"https:\/\/web.archive.org\/web\/20210413012201\/https:\/\/urban-nation.com\/artist\/kevin-cyr\/\" target=\"_blank\" rel=\"noopener noreferrer\">Kevin Cyr<\/a> ist ein US-amerikanische K\u00fcnstler, der Graffiti auf und Autos malt. Seine Instagram Seite <a href=\"https:\/\/www.instagram.com\/kevincyrstudio\/?hl=de\" target=\"_blank\" rel=\"noopener noreferrer\">findet sich hier<\/a>. Er lebte auch einige Zeit in Berlin und war dort den ganzen Tag auf dem Fahrrad unterwegs. Dort wurde er durch die Camper-Kultur (in den VW-Bullys) inspiriert. In den Jahren um 2008 hat er zwei Projekte realisiert, das Camper-Cart (Camper auf Einkaufswagen) und dann das Camper-Bike (Camper-Fahrrad).<\/p>\n<p><a href=\"https:\/\/web.archive.org\/web\/20200311042312\/http:\/\/www.kevincyr.net\/index.php?\/project\/camper-bike\/\" target=\"_blank\" rel=\"noopener noreferrer\"><img decoding=\"async\" title=\"Kevin Cyr 'Camper Bike'\" src=\"https:\/\/i.imgur.com\/Xj2oet0.jpg\" alt=\"Kevin Cyr 'Camper Bike'\" \/><\/a><\/p>\n<p>Sein Projekt des Camper-Bikes, welches er 2008 als Kunstinstallation gebaut hat, l\u00e4sst sich auf <a href=\"https:\/\/web.archive.org\/web\/20200311042312\/http:\/\/www.kevincyr.net\/index.php?\/project\/camper-bike\/\" target=\"_blank\" rel=\"noopener noreferrer\">seiner Webseite<\/a> abrufen. Dort hat er einige Fotos und Gem\u00e4lde des Gef\u00e4hrts ver\u00f6ffentlicht. Zu diesem Gef\u00e4hrt wurde er bei einem Aufenthalt in China inspiriert, weil dort viele dreir\u00e4drige Lastenfahrr\u00e4der unterwegs sind. Exemplar war also auch in China unterwegs zu sein, wie man auf den Fotos und in nachfolgendem Tweet erkennen kann.<\/p>\n<blockquote class=\"twitter-tweet\">\n<p dir=\"ltr\" lang=\"en\">Weekend <a href=\"https:\/\/twitter.com\/hashtag\/cycling?src=hash&amp;ref_src=twsrc%5Etfw\">#cycling<\/a> trip? Outgrown <a href=\"https:\/\/twitter.com\/hashtag\/saddlebag?src=hash&amp;ref_src=twsrc%5Etfw\">#saddlebag<\/a> &amp; <a href=\"https:\/\/twitter.com\/hashtag\/panniers?src=hash&amp;ref_src=twsrc%5Etfw\">#panniers<\/a>? Artist Kevin Cyr. <a href=\"https:\/\/t.co\/kUuqbSNAGQ\">https:\/\/t.co\/kUuqbSNAGQ<\/a> <a href=\"https:\/\/twitter.com\/hashtag\/bike?src=hash&amp;ref_src=twsrc%5Etfw\">#bike<\/a> <a href=\"https:\/\/twitter.com\/hashtag\/camper?src=hash&amp;ref_src=twsrc%5Etfw\">#camper<\/a> <a href=\"https:\/\/t.co\/Nrs9Nyf7JA\">pic.twitter.com\/Nrs9Nyf7JA<\/a><\/p>\n<p>\u2014 BikeRoar (@BikeRoar) <a href=\"https:\/\/twitter.com\/BikeRoar\/status\/672919853133635584?ref_src=twsrc%5Etfw\">December 4, 2015<\/a><\/p><\/blockquote>\n<p>Ein Interview, allerdings in Englisch, l\u00e4sst sich <a href=\"http:\/\/lodownmagazine.com\/features\/kevin-cyr\" target=\"_blank\" rel=\"noopener noreferrer\">hier nachlesen<\/a>. Und ein weiterer englischsprachiger Artikel ist <a href=\"https:\/\/dornob.com\/small-mobile-homes-bike-trailers-shopping-cart-campers\/\" target=\"_blank\" rel=\"noopener noreferrer\">hier zu finden<\/a>. Impressionen weiterer urbaner Wohnl\u00f6sungen von Cyr <a href=\"https:\/\/web.archive.org\/web\/20160923081307\/http:\/\/inhabitat.com:80\/kevin-cyr-explores-mobility-shelter-in-new-solo-exhibition-home-in-the-weeds\/home-in-the-weeds-kevin-cyr-6\/\" target=\"_blank\" rel=\"noopener noreferrer\">finden sich hier<\/a>. Ist aber eher ein Kunstprojekt und nichts f\u00fcr die Praxis. Aber auch praxistaugliche L\u00f6sungen gibt es.<\/p>\n<h2>Der d\u00e4nische Wide Path Camper Fahrrad-Anh\u00e4nger<\/h2>\n<p>Bei meinen Recherchen bin ich dann auf einen d\u00e4nischen Fahrrad-Camper gesto\u00dfen, der vom Anbieter <a href=\"https:\/\/www.widepathcamper.eu\/\" target=\"_blank\" rel=\"noopener noreferrer\">Wide Path Camper<\/a> hergestellt wird.<\/p>\n<blockquote class=\"twitter-tweet\">\n<p dir=\"ltr\" lang=\"en\">Fancy something a little smaller? Leave your car at home because this tiny camper trailer, made by Denmark based company Wide Path Campers, can be pulled by a bike!<br \/>\nClick here to read more <a href=\"https:\/\/t.co\/kuRUzW5UGO\">https:\/\/t.co\/kuRUzW5UGO<\/a> <a href=\"https:\/\/twitter.com\/hashtag\/caravanning?src=hash&amp;ref_src=twsrc%5Etfw\">#caravanning<\/a> <a href=\"https:\/\/twitter.com\/hashtag\/outdoors?src=hash&amp;ref_src=twsrc%5Etfw\">#outdoors<\/a> <a href=\"https:\/\/twitter.com\/hashtag\/camping?src=hash&amp;ref_src=twsrc%5Etfw\">#camping<\/a> <a href=\"https:\/\/t.co\/XZarr62j1M\">pic.twitter.com\/XZarr62j1M<\/a><\/p>\n<p>\u2014 CaSSOA (@cassoa) <a href=\"https:\/\/twitter.com\/cassoa\/status\/998609438671073280?ref_src=twsrc%5Etfw\">May 21, 2018<\/a><\/p><\/blockquote>\n<p>Das Projekt wurde in <a href=\"https:\/\/www.curbed.com\/2017\/12\/5\/16738300\/bike-camper-trailer-wide-path\" target=\"_blank\" rel=\"noopener noreferrer\">diesem englischsprachigen Artikel<\/a> vorgestellt. Die Herstellerseite des Campers ist <a href=\"https:\/\/web.archive.org\/web\/20190226224059\/https:\/\/www.widepathcamper.eu\/bicycle-camper\/\" target=\"_blank\" rel=\"noopener noreferrer\">hier einsehbar<\/a>. Im Camping-Anh\u00e4nger f\u00fcrs Fahrrad k\u00f6nnen zwei Personen schlafen. Schaut man sich die Fotos vom Innenraum an, ist das Teil im ausgeklappten Zustand sogar ganz ger\u00e4umig. W\u00e4hrend der Fahrt l\u00e4sst sich der knapp 44 kg wiegende und 2,80 x 0,90 m messende\u00a0 Anh\u00e4nger f\u00fcrs Rad ganz kompakt auf 1,5 m L\u00e4nge zusammen klappen.<\/p>\n<p><a href=\"https:\/\/youtu.be\/IhSAV03BnvE\" target=\"_blank\" rel=\"noopener\"><img decoding=\"async\" src=\"https:\/\/i.postimg.cc\/43Vw9J16\/image.png\" alt=\"Fahrrad-Camper\" \/><\/a>(Quelle: <a href=\"https:\/\/youtu.be\/IhSAV03BnvE\" target=\"_blank\" rel=\"noopener\">YouTube<\/a>)<\/p>\n<p>Das obige Video enth\u00e4lt noch ein paar Impressionen von diesem Konzept. Einen <a href=\"https:\/\/utopia.de\/fahrrad-wohnwagen-camper-25162\/\" target=\"_blank\" rel=\"noopener noreferrer\">deutschsprachigen Artikel findet man hier<\/a>. Der Camper ist f\u00fcr 4.000 Euro zu haben (siehe <a href=\"https:\/\/web.archive.org\/web\/20190226220228\/https:\/\/www.widepathcamper.eu\/prices\/\" target=\"_blank\" rel=\"noopener noreferrer\">die Webseite hier<\/a>). Geht sogar mit Familie \u2026<\/p>\n<blockquote class=\"twitter-tweet\">\n<p dir=\"ltr\" lang=\"no\">Sorry, det funka ikke s\u00e5 bra med gif. Her er de i farta. <a href=\"https:\/\/twitter.com\/hashtag\/larryvsharry?src=hash&amp;ref_src=twsrc%5Etfw\">#larryvsharry<\/a> <a href=\"https:\/\/twitter.com\/hashtag\/Bullitt?src=hash&amp;ref_src=twsrc%5Etfw\">#Bullitt<\/a> <a href=\"https:\/\/twitter.com\/hashtag\/widepathcamper?src=hash&amp;ref_src=twsrc%5Etfw\">#widepathcamper<\/a> <a href=\"https:\/\/twitter.com\/hashtag\/followmetandem?src=hash&amp;ref_src=twsrc%5Etfw\">#followmetandem<\/a> <a href=\"https:\/\/t.co\/tE2E58Oi9c\">pic.twitter.com\/tE2E58Oi9c<\/a><\/p>\n<p>\u2014 Magnus. (@Magga31134647) <a href=\"https:\/\/twitter.com\/Magga31134647\/status\/882569136760553472?ref_src=twsrc%5Etfw\">July 5, 2017<\/a><\/p><\/blockquote>\n<p>Im Web gibt es weitere Artikel und Webseiten, die sich mit dem Thema Fahrrad-Camping auseinander setzen. <a href=\"https:\/\/de.camperstyle.net\/bike-camper-mini-mobile-homes-fuer-fahrradnomaden\/\" target=\"_blank\" rel=\"noopener noreferrer\">Dieser deutschsprachige Artikel<\/a> stellt die Konzepte \u2013 vom Selbstbausatz bis zu den Kaufl\u00f6sungen \u2013 vor. Etwas \u00e4hnliches gibt es <a href=\"https:\/\/weburbanist.com\/2012\/10\/15\/bike-campers-12-mini-mobile-homes-for-nomadic-cyclists\/\" target=\"_blank\" rel=\"noopener noreferrer\">hier auf Englisch<\/a>, und <a href=\"https:\/\/tinyhousetalk.com\/modern-bicycle-micro-gypsy-wagon\/\" target=\"_blank\" rel=\"noopener noreferrer\">hier<\/a> hat jemand ein eigenes Projekt als 'Zigeuner-Camper' realisiert.<\/p>\n","protected":false},"excerpt":{"rendered":"<p>Gerade bin ich auf Facebook auf eine witzige L\u00f6sung f\u00fcr Vielreisende gesto\u00dfen. Ein Wohnmobilaufsatz (oder Camper bzw. ein sogenanntes kleines Haus, Tiny House), der auf ein Fahrrad (Dreirad) passt. War mal eine Kunstinstallation von Kevin Cyr \u2013 aber bei meinen &hellip; <a href=\"https:\/\/borncity.eu\/senioren\/2019\/08\/07\/tiny-house-camper-frs-fahrrad\/\">Weiterlesen <span class=\"meta-nav\">&rarr;<\/span><\/a><\/p>\n","protected":false},"author":1,"featured_media":0,"comment_status":"open","ping_status":"open","sticky":false,"template":"","format":"standard","meta":{"footnotes":""},"categories":[655],"tags":[103],"class_list":["post-9886","post","type-post","status-publish","format-standard","hentry","category-technik","tag-technik"],"_links":{"self":[{"href":"https:\/\/borncity.eu\/senioren\/wp-json\/wp\/v2\/posts\/9886","targetHints":{"allow":["GET"]}}],"collection":[{"href":"https:\/\/borncity.eu\/senioren\/wp-json\/wp\/v2\/posts"}],"about":[{"href":"https:\/\/borncity.eu\/senioren\/wp-json\/wp\/v2\/types\/post"}],"author":[{"embeddable":true,"href":"https:\/\/borncity.eu\/senioren\/wp-json\/wp\/v2\/users\/1"}],"replies":[{"embeddable":true,"href":"https:\/\/borncity.eu\/senioren\/wp-json\/wp\/v2\/comments?post=9886"}],"version-history":[{"count":3,"href":"https:\/\/borncity.eu\/senioren\/wp-json\/wp\/v2\/posts\/9886\/revisions"}],"predecessor-version":[{"id":25715,"href":"https:\/\/borncity.eu\/senioren\/wp-json\/wp\/v2\/posts\/9886\/revisions\/25715"}],"wp:attachment":[{"href":"https:\/\/borncity.eu\/senioren\/wp-json\/wp\/v2\/media?parent=9886"}],"wp:term":[{"taxonomy":"category","embeddable":true,"href":"https:\/\/borncity.eu\/senioren\/wp-json\/wp\/v2\/categories?post=9886"},{"taxonomy":"post_tag","embeddable":true,"href":"https:\/\/borncity.eu\/senioren\/wp-json\/wp\/v2\/tags?post=9886"}],"curies":[{"name":"wp","href":"https:\/\/api.w.org\/{rel}","templated":true}]}}