{"id":9896,"date":"2019-08-06T00:46:00","date_gmt":"2019-08-05T22:46:00","guid":{"rendered":"https:\/\/borncity.com\/senioren\/?p=9896"},"modified":"2020-06-08T10:48:59","modified_gmt":"2020-06-08T08:48:59","slug":"zum-50-todestag-von-theodor-w-adorno","status":"publish","type":"post","link":"https:\/\/borncity.eu\/senioren\/2019\/08\/06\/zum-50-todestag-von-theodor-w-adorno\/","title":{"rendered":"Zum 50. Todestag von Theodor W. Adorno"},"content":{"rendered":"<p>Am 6. August 1969 starb Theodor W. Adorno in Visp \u2013 ein Ereignis, welches seinerzeit an mir (damals 14 j\u00e4hrig) ziemlich vorbei ging. Von der Studentenbewegung der 68er, die 'Busenattentat' auf Adorno und so weiter, habe ich nur am Rande etwas geh\u00f6rt. Durch Zufall bin ich Sonntag durch einen Artikel in der FAZ auf Adorno, Marxist, Komponist und Philosoph aufmerksam geworden.<\/p>\n<p><!--more--><\/p>\n<p><img loading=\"lazy\" decoding=\"async\" src=\"https:\/\/vg08.met.vgwort.de\/na\/30a4cb43966a4550924c31323c7943ab\" alt=\"\" width=\"1\" height=\"1\" \/>Angesichts des 50. Todestags von Theodor W. Adorno werden aktuell einige Artikel in deutschen Zeitungen ver\u00f6ffentlicht.<\/p>\n<h2>Theodor W. Adorno, wer war er?<\/h2>\n<p>Dabei wurde Theodor Ludwig Wiesengrund am 11. September 1903 in Frankfurt am Main, also gar nicht so weit von meinem jetzigen Wohnort geboren. Der junge Theodor Ludwig wuchst in gro\u00dfb\u00fcrgerlichen Verh\u00e4ltnissen in Frankfurt auf. Der Vater, j\u00fcdischer Abstammung, war ein Weinh\u00e4ndler. Die Mutter war die S\u00e4ngerin <a href=\"https:\/\/de.wikipedia.org\/wiki\/Maria_Calvelli-Adorno\" target=\"_blank\" rel=\"noopener noreferrer\">Maria Calvelli-Adorno<\/a>, die ihrem einzigen Kind eine gute musikalische Ausbildung angedeihen lie\u00df. So arbeitete Theodor Ludwig Wiesengrund, der als hochbegabter zwei Klassen \u00fcbersprang und mit 17 Jahren bereits sein Abitur in Frankfurt baute, als Komponist und Musikkritiker. Aber er pflegte in Jugendjahren auch Hegel und Kant zu lesen.<\/p>\n<p>An der Universit\u00e4t Frankfurt belegte er ab 1921 Philosophie, Musikwissenschaft, Psychologie und Soziologie; zur gleichen Zeit begann er seine T\u00e4tigkeit als Musikkritiker. Durch die Nationalsozialisten war er gezwungen, bereits 1934 nach Oxford zu gehen und im Jahr 1938 emigrierte er in die USA. Dort nahm er bei seiner Einb\u00fcrgerung den Namen der Mutter, Adorno, an. Das W im Namen Theodor W. Adorno steht f\u00fcr Wiesengrund. Ein breiter Abriss seines Lebens und Schaffens findet sich in <a href=\"https:\/\/de.wikipedia.org\/wiki\/Theodor_W._Adorno#Fr%C3%BChe_Frankfurter_Jahre_(1903%E2%80%931924)\" target=\"_blank\" rel=\"noopener noreferrer\">der Wikipedia<\/a>.<\/p>\n<h2>Gestorben, am Fu\u00dfe des Matterhorns in Visp<\/h2>\n<p>Ich bin am Sonntag in der FAZ auf <a href=\"https:\/\/www.faz.net\/aktuell\/reise\/vor-fuenfzig-jahren-starb-der-philosoph-theodor-w-adorno-in-den-bergen-von-zermatt-16315691.html\" target=\"_blank\" rel=\"noopener noreferrer\">diesen Artikel<\/a> zum 50. Todestag von Theodor W. Adorno gesto\u00dfen. Da der Name mir schon gel\u00e4ufig war, habe ich diesen Beitrag, entgegen meinen sonstigen Gewohnheiten, gelesen und war fasziniert. Auf so eine Idee kann nur die Redaktion einer Tageszeitung wie die FAZ kommen. Die haben, so ist zumindest dem Artikel zu entnehmen, einen Redakteur in die Schweiz, ins Wallis, in den Urlaubsort <a href=\"https:\/\/de.wikipedia.org\/wiki\/Zermatt\" target=\"_blank\" rel=\"noopener noreferrer\">Zermatt<\/a> geschickt. Der Ort Zermatt liegt auf 1.600 Meter H\u00f6he, am Fu\u00dfe des Matterhorns, und war das Urlaubsziel von W. Adorno im Jahr 1969.<\/p>\n<p><img loading=\"lazy\" decoding=\"async\" title=\"Zermatt am Fu\u00dfe des Matterhorns\" src=\"https:\/\/upload.wikimedia.org\/wikipedia\/commons\/thumb\/2\/2d\/3802_-_Zermatt_-_Matterhorn_viewed_from_Gornergratbahn.JPG\/1024px-3802_-_Zermatt_-_Matterhorn_viewed_from_Gornergratbahn.JPG\" alt=\"Zermatt am Fu\u00dfe des Matterhorns\" width=\"645\" height=\"484\" \/><\/p>\n<p>(Quelle: Wikimedia, CC BY-SA 2.5, <a href=\"https:\/\/commons.wikimedia.org\/wiki\/User:Thisisbossi\" target=\"_blank\" rel=\"noopener noreferrer\">Andrew Bossi<\/a>)<\/p>\n<p>Der Redakteur versuchte dann in Zermatt den Erinnerungen nachzusp\u00fcren, die man dort an den vor 50 Jahren logierenden Gast hatte. Die Geschichte pl\u00e4tschert so vor sich hin, niemand kann mit Adorno und den Umst\u00e4nden seines Todes etwas anfangen. Das Tourismusb\u00fcro hat keine Erinnerungen, das Museum nicht und auch im Krankenhaus in Visp wurden die Akten l\u00e4ngst vernichtet. Im Hotel Bristol ist der Seniorchef vor Jahren verstorben, die junge Generation kann mit Adorno nichts mehr anfangen.<\/p>\n<p>Damit w\u00e4re die Geschichte zu Ende, wenn, ja wenn der Redakteur nicht die Seniorchefin des Hotel Bristol, Heidi Perren, in der Bar getroffen h\u00e4tte (hoffe, es war kein <a href=\"https:\/\/de.wikipedia.org\/wiki\/Claas_Relotius\" target=\"_blank\" rel=\"noopener noreferrer\">Claas Relotius<\/a> beteiligt). Ab da beginnt die Geschichte spannend zu werden. Der Leser erf\u00e4hrt, dass Adorno herzkrank und \u00fcberarbeitet war. Und Heidi Perren kann sich an die Adornos noch gut erinnern, die wohnten in Zimmer 30. Ab da beginnt die Rekonstruktion der letzten Tage Adornos und der staunende Zeitgenosse erf\u00e4hrt, dass auch gro\u00dfe Denker wie Adorno mit Halbpension im Bristol abgestiegen sind.<\/p>\n<p>In fr\u00fcheren Jahren urlaubten die Adornos in <a href=\"https:\/\/de.wikipedia.org\/wiki\/Sils_im_Engadin\/Segl\" target=\"_blank\" rel=\"noopener noreferrer\">Sils Maria<\/a>, im Engadin, aber jetzt musste es Zermatt sein. Und dann gab es die Bergtour, die die Adornos unternahmen. Laut einem Foto fuhren die Adornos per Bergbahn hoch zur Mittelstation des Breithorns gefahren. Jedenfalls gibt es ein Foto von einer Rast auf der Gandeggh\u00fctte, die 3029 Meter \u00fcber dem Meeresspiegel liegt. Und der Leser erf\u00e4hrt, dass Adorno Probleme mit seinen Wanderschuhen hatte. Da der \u00f6rtliche Schuster nicht helfen konnte, fuhr man am 5. August 1969 ins Tal, nach Visp. Dort scheinen Herzbeschwerden eingesetzt zu haben. Die Adornos fuhren ins Krankenhaus nach Visp, wo Adorno die Nacht blieb. Am 6. August 1969 verstarb er um 11.20 Uhr an einem Herzinfarkt in diesem Krankenhaus.<\/p>\n<p>Ziemlich profanes Ende f\u00fcr einen Menschen, dessen Texte heute noch <a href=\"https:\/\/www.nzz.ch\/feuilleton\/was-theodor-w-adorno-1967-ueber-den-rechtsradikalismus-sagte-ld.1499266\" target=\"_blank\" rel=\"noopener noreferrer\">neu aufgelegt<\/a> werden. Vor 10 Jahren, zum 40. Todestag, ist <a href=\"https:\/\/www.welt.de\/kultur\/article4316315\/Streit-um-Busenattentat-auf-Theodor-W-Adorno.html\" target=\"_blank\" rel=\"noopener noreferrer\">dieser interessante Artikel<\/a> in der Welt erschienen, der auch der Frage nachging, woran Adorno gestorben ist \u2013 am Stress in den 69 Jahren, oder an den Folgen der Bergtour und dem Stress f\u00fcr das Herz durch die H\u00f6henwechsel. Die Neue Z\u00fcricher Zeitung f\u00fchrt das Ganze in <a href=\"https:\/\/www.nzz.ch\/article90KH9-1.286319\" target=\"_blank\" rel=\"noopener noreferrer\">diesem Artikel<\/a> geraffter auf. Ein weiterer Artikel mit einem Interview eines Zeitzeugen findet sich in der <a href=\"https:\/\/www.fr.de\/frankfurt\/adorno-hatte-angstvor-beatles-12884537.html\" target=\"_blank\" rel=\"noopener noreferrer\">Frankfurter Rundschau.<\/a><\/p>\n<p>Auch wenn ich mit den Schriften Adornos wohl wenig anfangen kann \u2013 als Schmalspur-Abiturient bin ich gerade mal bis D\u00fcrrenmatt gekommen \u2013 ziehe ich meinen virtuellen Hut vor einem gro\u00dfen Geist, der ein bewegtes Leben gehabt hat. Aber es bleiben auch banale Erkenntnisse, dass auch gro\u00dfe Geister in den t\u00e4glichen Niederungen des Lebens gefangen sind. Eine Geliebte, die von Frau Adorno geduldet aber nicht akzeptiert wurde, verlie\u00df ihn. Ein Buch wurde nicht fertig \u2013 und dann noch der ganze Brass mit den Studenten im Jahr 1969. Das geht wom\u00f6glich nicht spurlos an einem Menschen vorbei. Der Tod Adornos hat wohl viele Weggef\u00e4hrten \u00fcberrascht, seine Witwe wurde aus dem 'Leben gerissen' und auch 50 Jahre nach seinem Ableben besch\u00e4ftigt der Mann noch die Feuilletons der Tageszeitungen.<\/p>\n","protected":false},"excerpt":{"rendered":"<p>Am 6. August 1969 starb Theodor W. Adorno in Visp \u2013 ein Ereignis, welches seinerzeit an mir (damals 14 j\u00e4hrig) ziemlich vorbei ging. Von der Studentenbewegung der 68er, die 'Busenattentat' auf Adorno und so weiter, habe ich nur am Rande &hellip; <a href=\"https:\/\/borncity.eu\/senioren\/2019\/08\/06\/zum-50-todestag-von-theodor-w-adorno\/\">Weiterlesen <span class=\"meta-nav\">&rarr;<\/span><\/a><\/p>\n","protected":false},"author":1,"featured_media":0,"comment_status":"open","ping_status":"open","sticky":false,"template":"","format":"standard","meta":{"footnotes":""},"categories":[1],"tags":[168],"class_list":["post-9896","post","type-post","status-publish","format-standard","hentry","category-allgemein","tag-allgemein"],"_links":{"self":[{"href":"https:\/\/borncity.eu\/senioren\/wp-json\/wp\/v2\/posts\/9896","targetHints":{"allow":["GET"]}}],"collection":[{"href":"https:\/\/borncity.eu\/senioren\/wp-json\/wp\/v2\/posts"}],"about":[{"href":"https:\/\/borncity.eu\/senioren\/wp-json\/wp\/v2\/types\/post"}],"author":[{"embeddable":true,"href":"https:\/\/borncity.eu\/senioren\/wp-json\/wp\/v2\/users\/1"}],"replies":[{"embeddable":true,"href":"https:\/\/borncity.eu\/senioren\/wp-json\/wp\/v2\/comments?post=9896"}],"version-history":[{"count":0,"href":"https:\/\/borncity.eu\/senioren\/wp-json\/wp\/v2\/posts\/9896\/revisions"}],"wp:attachment":[{"href":"https:\/\/borncity.eu\/senioren\/wp-json\/wp\/v2\/media?parent=9896"}],"wp:term":[{"taxonomy":"category","embeddable":true,"href":"https:\/\/borncity.eu\/senioren\/wp-json\/wp\/v2\/categories?post=9896"},{"taxonomy":"post_tag","embeddable":true,"href":"https:\/\/borncity.eu\/senioren\/wp-json\/wp\/v2\/tags?post=9896"}],"curies":[{"name":"wp","href":"https:\/\/api.w.org\/{rel}","templated":true}]}}