{"id":9967,"date":"2019-08-18T00:39:38","date_gmt":"2019-08-17T22:39:38","guid":{"rendered":"https:\/\/borncity.com\/senioren\/?p=9967"},"modified":"2024-07-26T23:10:08","modified_gmt":"2024-07-26T21:10:08","slug":"zum-tode-von-mr-easy-rider-peter-fonda","status":"publish","type":"post","link":"https:\/\/borncity.eu\/senioren\/2019\/08\/18\/zum-tode-von-mr-easy-rider-peter-fonda\/","title":{"rendered":"Zum Tode von Mr. Easy Rider, Peter Fonda"},"content":{"rendered":"<p>Die separate Musik zum Sonntag f\u00e4llt heute aus \u2013 stattdessen habe ich, zu Ehren des verstorbenen Peter Fonda, 'Born to be wild' von Steppenwolf mitgebracht. Denn der US-Schauspieler und Regisseur Peter Fonda ist am 16. August 2019 im Alter von 79 Jahren an den Folgen seines Krebsleidens verstorben. Der Name Peter Fonda stand f\u00fcr viele meiner Generation synonym f\u00fcr das Road Movie Easy Rider und den Titel 'Born to be wild'.<\/p>\n<p><!--more--><\/p>\n<p><img loading=\"lazy\" decoding=\"async\" src=\"https:\/\/vg01.met.vgwort.de\/na\/b838ff5970d34e1e8f5a2e8932fab77c\" alt=\"\" width=\"1\" height=\"1\" \/><a href=\"https:\/\/de.wikipedia.org\/wiki\/Peter_Fonda\" target=\"_blank\" rel=\"noopener noreferrer\">Peter Fonda<\/a> wurde am 23. Februar 1940 in New York geboren und verstarb am 16. August 2019 in Los Angeles, Kalifornien. Sein Vater war der bekannte Schauspieler Henry Fonda. Seine Schwester Jane und Fondas Tochter Bridget wurden ebenfalls als Schauspielerinnen bekannt. Tragik im Leben von Peter Fonda: Seine Mutter beging Suizid.<\/p>\n<p>Fonda begann seine Karriere 1960 beim Theater, wie der Vater. Der Durchbruch f\u00fcr Peter Fonda kam mit dem Roadmovie Easy Rider. Dort spielte er die Hauptrolle des <i>Captain America (Wyatt)<\/i>. Mitte der 90er Jahr gelang Fonda ein Comback mit dem Film <i>Ulee's. <\/i>Ein Abriss seines Lebens ist <a href=\"https:\/\/de.wikipedia.org\/wiki\/Peter_Fonda\" target=\"_blank\" rel=\"noopener noreferrer\">auf Wikipedia<\/a> zu finden. Spiegel Online hat <a href=\"https:\/\/www.spiegel.de\/kultur\/kino\/peter-fonda-nachruf-auf-eine-ikone-der-gegenkultur-a-1282433.html\" target=\"_blank\" rel=\"noopener noreferrer\">hier<\/a> aktuell einen Nachruf auf Fonda ver\u00f6ffentlicht.<\/p>\n<h2>Mr. Easy Rider<\/h2>\n<p>Aber Peter Fonda, Dennis Hopper und Easy Rider sind die Begriffe, die wohl viele Menschen mit Fonda verbinden. Gedreht wurde Easy Rider im Jahr 1969 \u2013 die Dialoge sind sp\u00e4rlich und nichtssagend \u2013 vieles bleibt im ungef\u00e4hren. Zwei Motorbiker fahren durch Amerika, finden dieses aber nicht. Die Hintergr\u00fcnde zu Easy Rider lassen sich in der <a href=\"https:\/\/de.wikipedia.org\/wiki\/Easy_Rider\" target=\"_blank\" rel=\"noopener noreferrer\">Wikipedia<\/a> nachlesen.<\/p>\n<p>Als der Film am 8. Mai 1969 in Cannes vorgestellt wurde, feierte ich auf den Tag genau den 14. Geburtstag \u2013 da war nix mit Motorrad durch Amerika fahren \u2013 zwei Monate sp\u00e4ter stand 'eine Lehre' an. Aber zwei Jahre sp\u00e4ter, als ein Kleinkraftrad den Mobilit\u00e4tsradius des 16-J\u00e4hrigen erweiterte, war auch Easy Rider als Inbegriff der grenzenlosen Freiheit allgegenw\u00e4rtig. In Deutschland gab es zwar keine Chopper, aber das Feeling war da \u2013 sp\u00e4ter siegte dann die Bequemlichkeit eines bei Regen trockenen und bei K\u00e4lte und Schnee warmen Autoinnenraums in Form eines Renault R4.<\/p>\n<p>Aber Easy Rider begleitete mich trotzdem als Synonym f\u00fcr die unendlichen Weiten Amerikas und der damit verbundenen Freiheit (alles ein Nimbus, ich wei\u00df) ein Leben lang. Etwas tragisch \u2013 ich hatte das Thema Easy Rider bereits seit Wochen auf dem Radar f\u00fcr einen Blog-Beitrag, bin aber nicht dazu gekommen, den Text zu schreiben. Denn Mitte Juli 2019 bin ich auf <a href=\"https:\/\/www.spiegel.de\/geschichte\/50-jahre-easy-rider-hoellenfahrt-in-ein-neues-zeitalter-a-1276719.html\" target=\"_blank\" rel=\"noopener noreferrer\">diesen Spiegel Online-Artikel<\/a> gesto\u00dfen, der die Hintergr\u00fcnde zum Film und die damaligen Umst\u00e4nde sehr sch\u00f6n thematisiert.<\/p>\n<p>Was der Spiegel nicht verr\u00e4t \u2013 die dort im Artikel eingebundene Schlussszene am Lagerfeuer fand ohne die Motorr\u00e4der statt. Peter Fonda hatte vier gebrauchte Harley Davidson-Motorr\u00e4der der US-Polizei aus den 50er Jahren auf einer Auktion ersteigert. Diese wurden als Chopper umgebaut und entsprechend lackiert. Drei der Motorr\u00e4der wurden vor dem Drehende gestohlen, die vierte Maschine war f\u00fcr das finale Ende bereits zerlegt.<\/p>\n<h2>Born to be wild<\/h2>\n<p>Der Titel <a href=\"https:\/\/de.wikipedia.org\/wiki\/Born_to_Be_Wild\" target=\"_blank\" rel=\"noopener noreferrer\">Born to be wild<\/a> wurde von Peter Fonda als Titelmusik f\u00fcr sein Road Movie ausgew\u00e4hlt. Es stammt aus dem Jahr 1968 von der Rockband <a href=\"https:\/\/de.wikipedia.org\/wiki\/Steppenwolf_(Band)\" target=\"_blank\" rel=\"noopener noreferrer\">Steppenwolf<\/a> und passt eigentlich perfekt zum Film. Geschrieben wurde <i>Born to Be Wild<\/i> von <a href=\"https:\/\/de.wikipedia.org\/wiki\/Mars_Bonfire\" target=\"_blank\" rel=\"noopener noreferrer\">Mars Bonfire<\/a>, ein Bruder des Schlagzeugers bei Steppenwolf. Der Titel erreichte die vorderen Pl\u00e4tze der Hitlisten, legend\u00e4r wurde er aber erst mit dem Film Easy Rider.<\/p>\n<p>Hier das betreffende Video, welches mich jetzt fast ein Leben lang begleitet \u2013 und mir speziell in <a href=\"https:\/\/www.borncity.com\/blog\/2015\/04\/22\/update-zum-sport-unfall-step-by-step-zurck-ins-leben\/\" target=\"_blank\" rel=\"noopener noreferrer\">dieser schwierigen Situation<\/a> die Kraft gab, die 'lange Treppe' zur\u00fcck ins Leben zu krabbeln.<\/p>\n<p>(Quelle: <a href=\"https:\/\/youtu.be\/rMbATaj7Il8\" target=\"_blank\" rel=\"noopener\">YouTube<\/a>)<\/p>\n<p>Nun ja, ich krabbele noch immer \u2013 und Peter Fonda hat leider seinen Kampf gegen den Lungenkrebs verloren. Trotzdem viel Spa\u00df beim Anh\u00f6ren des Titels \u2013 vielleicht kommt ein St\u00fcck der Jugend zur\u00fcck. Sch\u00f6nen Sonntag.<\/p>\n<p><strong>\u00c4hnliche Artikel:<br \/>\n<\/strong><a href=\"https:\/\/borncity.eu\/senioren\/2017\/11\/26\/musik-zum-sonntag-eric-burdon-und-the-animals\/\">Musik zum Sonntag: Eric Burdon und The Animals<\/a><br \/>\n<a href=\"https:\/\/borncity.eu\/senioren\/2017\/10\/08\/musik-zum-sonntag-tito-tarantula-after-dark\/\">Musik zum Sonntag: Tito &amp; Tarantula 'After dark'<\/a><br \/>\n<a href=\"https:\/\/borncity.eu\/senioren\/2019\/02\/24\/musik-zum-sonntag-sonny-cher-little-man\/\">Musik zum Sonntag: Sonny &amp; Cher \u2013 Little Man<\/a><br \/>\n<a href=\"https:\/\/borncity.eu\/senioren\/2019\/02\/10\/musik-zum-sonntag-the-box-tops-the-letter\/\">Musik zum Sonntag: The Box Tops \u2013 The Letter<\/a><br \/>\n<a href=\"https:\/\/borncity.eu\/senioren\/2019\/03\/17\/musik-zum-sonntag-metallica-nothing-else-matters\/\">Musik zum Sonntag: Metallica \u2013 Nothing Else Matters<\/a><br \/>\n<a href=\"https:\/\/borncity.eu\/senioren\/2019\/04\/21\/musik-zum-sonntag-the-lords-poor-boy\/\">Musik zum Sonntag: The Lords \u2013 Poor Boy<\/a><br \/>\n<a href=\"https:\/\/borncity.eu\/senioren\/2018\/12\/16\/musik-zum-sonntag-the-doors-riders-on-the-storm\/\">Musik zum Sonntag: The Doors \u2013 Riders on the Storm<\/a><br \/>\n<a href=\"https:\/\/borncity.eu\/senioren\/2019\/05\/12\/musik-zum-sonntag-deep-purple-child-in-time\/\">Musik zum Sonntag: Deep Purple \u2013 Child in Time<\/a><br \/>\n<a href=\"https:\/\/borncity.eu\/senioren\/2019\/01\/13\/musik-zum-sonntag-the-dead-south-in-hell-ill-be-in-good-company\/\">Musik zum Sonntag: The Dead South \u2013 In Hell I'll Be In Good Company<\/a><br \/>\n<a href=\"https:\/\/borncity.eu\/senioren\/2019\/03\/31\/musik-zum-sonntag-poruska-poranya-%d0%bf%d0%be%d1%80%d1%83%d1%88%d0%ba%d0%b0-%d0%bf%d0%be%d1%80%d0%b0%d0%bd%d1%8f\/\">Musik zum Sonntag: Poruska Poranya (\u041f\u043e\u0440\u0443\u0448\u043a\u0430-\u043f\u043e\u0440\u0430\u043d\u044f)<\/a><br \/>\n<a href=\"https:\/\/borncity.eu\/senioren\/2018\/09\/02\/musik-zum-sonntag-the-hooters-500-miles\/\">Musik zum Sonntag \u2013 The Hooters \u2013 500 Miles<\/a><br \/>\n<a href=\"https:\/\/borncity.eu\/senioren\/2018\/05\/06\/musik-zum-sonntag-cat-stevens-lady-darbanville\/\">Musik zum Sonntag: Cat Stevens 'Lady D'Arbanville'<\/a><br \/>\n<a href=\"https:\/\/borncity.eu\/senioren\/2017\/08\/27\/musik-zum-sonntag-raise-a-glass-mighty-oak\/\">Musik zum Sonntag \u2013 Raise a glass \u2013 Mighty Oak<\/a><\/p>\n","protected":false},"excerpt":{"rendered":"<p>Die separate Musik zum Sonntag f\u00e4llt heute aus \u2013 stattdessen habe ich, zu Ehren des verstorbenen Peter Fonda, 'Born to be wild' von Steppenwolf mitgebracht. Denn der US-Schauspieler und Regisseur Peter Fonda ist am 16. August 2019 im Alter von &hellip; <a href=\"https:\/\/borncity.eu\/senioren\/2019\/08\/18\/zum-tode-von-mr-easy-rider-peter-fonda\/\">Weiterlesen <span class=\"meta-nav\">&rarr;<\/span><\/a><\/p>\n","protected":false},"author":1,"featured_media":0,"comment_status":"open","ping_status":"open","sticky":false,"template":"","format":"standard","meta":{"footnotes":""},"categories":[1,610],"tags":[168,112],"class_list":["post-9967","post","type-post","status-publish","format-standard","hentry","category-allgemein","category-musik","tag-allgemein","tag-musik"],"_links":{"self":[{"href":"https:\/\/borncity.eu\/senioren\/wp-json\/wp\/v2\/posts\/9967","targetHints":{"allow":["GET"]}}],"collection":[{"href":"https:\/\/borncity.eu\/senioren\/wp-json\/wp\/v2\/posts"}],"about":[{"href":"https:\/\/borncity.eu\/senioren\/wp-json\/wp\/v2\/types\/post"}],"author":[{"embeddable":true,"href":"https:\/\/borncity.eu\/senioren\/wp-json\/wp\/v2\/users\/1"}],"replies":[{"embeddable":true,"href":"https:\/\/borncity.eu\/senioren\/wp-json\/wp\/v2\/comments?post=9967"}],"version-history":[{"count":1,"href":"https:\/\/borncity.eu\/senioren\/wp-json\/wp\/v2\/posts\/9967\/revisions"}],"predecessor-version":[{"id":25709,"href":"https:\/\/borncity.eu\/senioren\/wp-json\/wp\/v2\/posts\/9967\/revisions\/25709"}],"wp:attachment":[{"href":"https:\/\/borncity.eu\/senioren\/wp-json\/wp\/v2\/media?parent=9967"}],"wp:term":[{"taxonomy":"category","embeddable":true,"href":"https:\/\/borncity.eu\/senioren\/wp-json\/wp\/v2\/categories?post=9967"},{"taxonomy":"post_tag","embeddable":true,"href":"https:\/\/borncity.eu\/senioren\/wp-json\/wp\/v2\/tags?post=9967"}],"curies":[{"name":"wp","href":"https:\/\/api.w.org\/{rel}","templated":true}]}}